{"id":53270,"date":"2021-01-20T14:00:00","date_gmt":"2021-01-20T13:00:00","guid":{"rendered":"https:\/\/alzira.es\/ban-mesures-covid\/"},"modified":"2021-01-20T14:00:00","modified_gmt":"2021-01-20T13:00:00","slug":"ban-mesures-covid","status":"publish","type":"post","link":"https:\/\/alzira.es\/es\/ban-mesures-covid\/","title":{"rendered":"BAN medidas Covid"},"content":{"rendered":"<p>Trasladamos a la ciudadan\u00eda el <strong>conjunto de medidas de prevenci\u00f3n y actuaci\u00f3n ante el COVID19<\/strong> que dict\u00f3 ayer el Gobierno de la Generalitat Valenciana despu\u00e9s de la reuni\u00f3n con la Mesa Interdepartamental<\/p>\n<p><strong>Resumen de medidas:<\/strong><br \/>\u2022 Cierre de toda la hosteler\u00eda de la Comunidad Valenciana. Solo se permitir\u00e1 el servicio de comida para llevar, sea distribuido al local o por repartidores.<br \/>\u2022 Cierre del comercio a partir de las 18 h de la tarde a excepci\u00f3n los establecimientos de alimentaci\u00f3n, farmacias y los esenciales.<br \/>\u2022 Cierre de todas las instalaciones deportivas, excepto las destinadas a entrenamiento y competiciones de nivel nacional e internacional.<br \/>\u2022 Estas nuevas medidas se implantar\u00e1n jueves, 21 de enero, y estar\u00e1n en vigor durante 14 d\u00edas. Puedes consultar la resoluci\u00f3n completa en el apartado medidas vigentes de www.alzira.es<br \/>\u2022 El resto de restricciones en vigor (como el perimetraje auton\u00f3mico o el m\u00e1ximo de 6 personas en las reuniones) contin\u00faan vigentes hasta el 31 de enero.<\/p>\n<p><strong>En el \u00e1mbito local:<\/strong><br \/>\u2022 La Biblioteca Municipal modifica el horario para pr\u00e9stamo de libros, de lunes a viernes de 9 a 18 horas ininterrumpidamente y s\u00e1bado de 10 a 13,30<br \/>\u2022 Cierre de parques, jardines y zonas de juego infantiles de nuestra ciudad.<br \/>\u2022 Suspensi\u00f3n actividades culturales, de ocio espect\u00e1culos y juventud programadas.<br \/>\u2022 La actividad acad\u00e9mica (escuelas, institutos y EPA), contin\u00faa con normalidad.<br \/>\u2022 Recordamos que los parajes municipales de la Murta y la Casella contin\u00faan abiertos al p\u00fablico con cita previa y control de aforo.<\/p>\n<p style=\"text-align: center;\"><img fetchpriority=\"high\" decoding=\"async\" class=\" size-full wp-image-53268\" src=\"https:\/\/alzira.es\/wp-content\/uploads\/2021\/01\/BAN_COVID_20012021_Pagina_2.jpg\" alt=\"BAN COVID 20012021 P\u00e1gina 2\" width=\"600\" height=\"848\" \/><\/p>\n<p style=\"text-align: center;\">&nbsp;<\/p>\n","protected":false},"excerpt":{"rendered":"<p>Trasladamos a la ciudadan\u00eda el conjunto de medidas de prevenci\u00f3n y actuaci\u00f3n ante el COVID19 que dict\u00f3 ayer el Gobierno de la Generalitat Valenciana despu\u00e9s de la reuni\u00f3n con la Mesa Interdepartamental Resumen de medidas:\u2022 Cierre de toda la hosteler\u00eda de la Comunidad Valenciana. Solo se permitir\u00e1 el servicio de comida para llevar, sea distribuido &hellip; <\/p>\n<p class=\"link-more\"><a href=\"https:\/\/alzira.es\/es\/ban-mesures-covid\/\" class=\"more-link\">Continuar leyendo<span class=\"screen-reader-text\"> \u00abBAN medidas Covid\u00bb<\/span><\/a><\/p>\n","protected":false},"author":29,"featured_media":53268,"comment_status":"","ping_status":"","sticky":false,"template":"","format":"standard","meta":{"_acf_changed":false,"footnotes":""},"categories":[4936],"tags":[],"class_list":["post-53270","post","type-post","status-publish","format-standard","has-post-thumbnail","hentry","category-hemeroteca-es"],"acf":[],"_links":{"self":[{"href":"https:\/\/alzira.es\/es\/wp-json\/wp\/v2\/posts\/53270","targetHints":{"allow":["GET"]}}],"collection":[{"href":"https:\/\/alzira.es\/es\/wp-json\/wp\/v2\/posts"}],"about":[{"href":"https:\/\/alzira.es\/es\/wp-json\/wp\/v2\/types\/post"}],"author":[{"embeddable":true,"href":"https:\/\/alzira.es\/es\/wp-json\/wp\/v2\/users\/29"}],"replies":[{"embeddable":true,"href":"https:\/\/alzira.es\/es\/wp-json\/wp\/v2\/comments?post=53270"}],"version-history":[{"count":0,"href":"https:\/\/alzira.es\/es\/wp-json\/wp\/v2\/posts\/53270\/revisions"}],"wp:featuredmedia":[{"embeddable":true,"href":"https:\/\/alzira.es\/es\/wp-json\/wp\/v2\/media\/53268"}],"wp:attachment":[{"href":"https:\/\/alzira.es\/es\/wp-json\/wp\/v2\/media?parent=53270"}],"wp:term":[{"taxonomy":"category","embeddable":true,"href":"https:\/\/alzira.es\/es\/wp-json\/wp\/v2\/categories?post=53270"},{"taxonomy":"post_tag","embeddable":true,"href":"https:\/\/alzira.es\/es\/wp-json\/wp\/v2\/tags?post=53270"}],"curies":[{"name":"wp","href":"https:\/\/api.w.org\/{rel}","templated":true}]}}