{"id":53267,"date":"2021-01-19T15:35:35","date_gmt":"2021-01-19T14:35:35","guid":{"rendered":"https:\/\/alzira.es\/noves-mesures-adoptades-per-la-generalitat-a-partir-de-dijous-21-de-gener-i-durant-14-dies-2\/"},"modified":"2021-01-19T15:35:35","modified_gmt":"2021-01-19T14:35:35","slug":"noves-mesures-adoptades-per-la-generalitat-a-partir-de-dijous-21-de-gener-i-durant-14-dies-2","status":"publish","type":"post","link":"https:\/\/alzira.es\/es\/noves-mesures-adoptades-per-la-generalitat-a-partir-de-dijous-21-de-gener-i-durant-14-dies-2\/","title":{"rendered":"Noves mesures adoptades per la Generalitat a partir de dijous 21 de Gener i durant 14 dies"},"content":{"rendered":"<p><strong>NOVES MESURES ADOPTADES PER LA GENERALITAT a partir de DIJOUS 21 DE GENER I DURANT 14 DIES<\/strong><\/p>\n<p>El president de la Generalitat, Ximo Puig Ferrer compareix juntament amb la consellera de Sanitat, Ana Barcel\u00f3, per a explicar les mesures de prevenci\u00f3 i actuaci\u00f3 davant la #COVID19 despr\u00e9s de la reuni\u00f3 amb la Mesa Interdepartamental<\/p>\n<p><strong>Resum de mesures<\/strong><br \/>\u2022 \u00abTancament de tota l&#8217;hostaleria de la Comunitat Valenciana. Nom\u00e9s es permetr\u00e0 el servei de menjar per a emportar, siga distribu\u00eft al local o per repartidors\u00bb<br \/>\u2022 \u00abTancament del comer\u00e7 a partir de les 18 h de la vesprada a excepci\u00f3 els establiments d&#8217;alimentaci\u00f3, farm\u00e0cies i els essencials\u00bb<br \/>\u2022 \u00abTancament de totes les instal\u00b7lacions esportives, excepte per als esportistes professionals\u00bb<br \/>\u2022 \u00abEstes noves mesures s&#8217;implantaran este mateix dijous, 21 de gener, i estaran en vigor durant 14 dies\u00bb<br \/>\u2022 \u00abLa Generalitat sol\u00b7licitar\u00e0 al Govern d&#8217;Espanya que permeta avan\u00e7ar el toc de queda a les 8 de la vesprada. De moment, continua a les 10 de la nit\u00bb<br \/>\u2022 \u00abLa resta de restriccions en vigor (com el perimetratge auton\u00f2mic o el m\u00e0xim de 6 persones en les reunions) continuen vigents fins al 31 de gener com estava previst\u00bb<br \/>\u2022 \u00abDem\u00e0 a la nit decauen els perimetratges municipals de les 29 poblacions del que han tingut un tancament municipal els darrers dies. Estos perimetratges no es prorrogaran\u00bb<\/p>\n<p><a href=\"https:\/\/youtu.be\/V9BuSQ06cTo\" target=\"_blank\" rel=\"noopener\">https:\/\/youtu.be\/V9BuSQ06cTo<\/a><\/p>\n<p style=\"text-align: center;\"><img fetchpriority=\"high\" decoding=\"async\" class=\" size-full wp-image-53265\" src=\"https:\/\/alzira.es\/wp-content\/uploads\/2021\/01\/mesures_14_dies.jpg\" alt=\"mesures 14 dies\" width=\"1000\" height=\"563\" srcset=\"https:\/\/alzira.es\/wp-content\/uploads\/2021\/01\/mesures_14_dies.jpg 1920w, https:\/\/alzira.es\/wp-content\/uploads\/2021\/01\/mesures_14_dies-680x383.jpg 680w, https:\/\/alzira.es\/wp-content\/uploads\/2021\/01\/mesures_14_dies-1430x804.jpg 1430w, https:\/\/alzira.es\/wp-content\/uploads\/2021\/01\/mesures_14_dies-768x432.jpg 768w, https:\/\/alzira.es\/wp-content\/uploads\/2021\/01\/mesures_14_dies-1536x864.jpg 1536w\" sizes=\"(max-width: 706px) 89vw, (max-width: 767px) 82vw, 740px\" \/><\/p>\n","protected":false},"excerpt":{"rendered":"<p>NOVES MESURES ADOPTADES PER LA GENERALITAT a partir de DIJOUS 21 DE GENER I DURANT 14 DIES El president de la Generalitat, Ximo Puig Ferrer compareix juntament amb la consellera de Sanitat, Ana Barcel\u00f3, per a explicar les mesures de prevenci\u00f3 i actuaci\u00f3 davant la #COVID19 despr\u00e9s de la reuni\u00f3 amb la Mesa Interdepartamental Resum &hellip; <\/p>\n<p class=\"link-more\"><a href=\"https:\/\/alzira.es\/es\/noves-mesures-adoptades-per-la-generalitat-a-partir-de-dijous-21-de-gener-i-durant-14-dies-2\/\" class=\"more-link\">Continuar leyendo<span class=\"screen-reader-text\"> \u00abNoves mesures adoptades per la Generalitat a partir de dijous 21 de Gener i durant 14 dies\u00bb<\/span><\/a><\/p>\n","protected":false},"author":36,"featured_media":53265,"comment_status":"","ping_status":"","sticky":false,"template":"","format":"standard","meta":{"_acf_changed":false,"footnotes":""},"categories":[],"tags":[],"class_list":["post-53267","post","type-post","status-publish","format-standard","has-post-thumbnail","hentry"],"acf":[],"_links":{"self":[{"href":"https:\/\/alzira.es\/es\/wp-json\/wp\/v2\/posts\/53267","targetHints":{"allow":["GET"]}}],"collection":[{"href":"https:\/\/alzira.es\/es\/wp-json\/wp\/v2\/posts"}],"about":[{"href":"https:\/\/alzira.es\/es\/wp-json\/wp\/v2\/types\/post"}],"author":[{"embeddable":true,"href":"https:\/\/alzira.es\/es\/wp-json\/wp\/v2\/users\/36"}],"replies":[{"embeddable":true,"href":"https:\/\/alzira.es\/es\/wp-json\/wp\/v2\/comments?post=53267"}],"version-history":[{"count":0,"href":"https:\/\/alzira.es\/es\/wp-json\/wp\/v2\/posts\/53267\/revisions"}],"wp:featuredmedia":[{"embeddable":true,"href":"https:\/\/alzira.es\/es\/wp-json\/wp\/v2\/media\/53265"}],"wp:attachment":[{"href":"https:\/\/alzira.es\/es\/wp-json\/wp\/v2\/media?parent=53267"}],"wp:term":[{"taxonomy":"category","embeddable":true,"href":"https:\/\/alzira.es\/es\/wp-json\/wp\/v2\/categories?post=53267"},{"taxonomy":"post_tag","embeddable":true,"href":"https:\/\/alzira.es\/es\/wp-json\/wp\/v2\/tags?post=53267"}],"curies":[{"name":"wp","href":"https:\/\/api.w.org\/{rel}","templated":true}]}}