{"id":53264,"date":"2021-01-19T15:35:35","date_gmt":"2021-01-19T14:35:35","guid":{"rendered":"https:\/\/alzira.es\/noves-mesures-adoptades-per-la-generalitat-a-partir-de-dijous-21-de-gener-i-durant-14-dies\/"},"modified":"2021-01-19T15:35:35","modified_gmt":"2021-01-19T14:35:35","slug":"noves-mesures-adoptades-per-la-generalitat-a-partir-de-dijous-21-de-gener-i-durant-14-dies","status":"publish","type":"post","link":"https:\/\/alzira.es\/es\/noves-mesures-adoptades-per-la-generalitat-a-partir-de-dijous-21-de-gener-i-durant-14-dies\/","title":{"rendered":"Nuevas medidas adoptadas por la Generalitat a partir del jueves 21 de Enero y durante 14 d\u00edas"},"content":{"rendered":"<p><strong>NUEVAS MEDIDAS ADOPTADAS POR LA GENERALITAT A partir de JUEVES 21 DE ENERO Y DURANTE 14 D\u00cdAS<\/strong><\/p>\n<p>El presidente de la Generalitat, Ximo Puig Ferrer comparece junto con la consejera de Sanidad, Ana Barcel\u00f3, para explicar las medidas de prevenci\u00f3n y actuaci\u00f3n ante la #COVID19 despu\u00e9s de la reuni\u00f3n con la Mesa Interdepartamental<\/p>\n<p><strong>Resumen de medidas<\/strong><br \/>\u2022 \u00abCierre de toda la hosteler\u00eda de la Comunidad Valenciana. Solo se permitir\u00e1 el servicio de comida para llevar, sea distribuido en el local o por repartidores\u00bb<br \/>\u2022 \u00abCierre del comercio a partir de las 18 h de la tarde a excepci\u00f3n los establecimientos de alimentaci\u00f3n, farmacias y los esenciales\u00bb<br \/>\u2022 \u00abCierre de todas las instalaciones deportivas, excepto para los deportistas profesionales\u00bb<br \/>\u2022 \u00abEstas nuevas medidas se implantar\u00e1n este mismo jueves, 21 de enero, y estar\u00e1n en vigor durante 14 d\u00edas\u00bb<br \/>\u2022 \u00abLa Generalitat solicitar\u00e1 en el Gobierno de Espa\u00f1a que permita avanzar el toque de queda a las 8 de la tarde. De momento, contin\u00faa a las 10 de la noche\u00bb<br \/>\u2022 \u00abEl resto de restricciones en vigor (como el perimetraje auton\u00f3mico o el m\u00e1ximo de 6 personas en las reuniones) contin\u00faan vigentes hasta el 31 de enero como estaba previsto\u00bb<br \/>\u2022 \u00abMa\u00f1ana por la noche decaen los perimetrajes municipales de las 29 poblaciones del que han tenido un cierre municipal los \u00faltimos d\u00edas. Estos perimetrajes no se prorrogar\u00e1n\u00bb<\/p>\n<p><a href=\"https:\/\/www.youtube.com\/watch?v=V9BuSQ06cTo&amp;feature=youtu.be\" target=\"_blank\" rel=\"noopener\">https:\/\/youtu.be\/V9BuSQ06cTo<\/a><\/p>\n<p style=\"text-align: center;\"><img fetchpriority=\"high\" decoding=\"async\" class=\" size-full wp-image-53262\" src=\"https:\/\/alzira.es\/wp-content\/uploads\/2021\/01\/noves_mesures_2021-01-20_at_08.34.59.jpeg\" alt=\"noves mesures 2021-01-20 at 08.34.59\" width=\"1000\" height=\"562\" srcset=\"https:\/\/alzira.es\/wp-content\/uploads\/2021\/01\/noves_mesures_2021-01-20_at_08.34.59.jpeg 1599w, https:\/\/alzira.es\/wp-content\/uploads\/2021\/01\/noves_mesures_2021-01-20_at_08.34.59-680x382.jpeg 680w, https:\/\/alzira.es\/wp-content\/uploads\/2021\/01\/noves_mesures_2021-01-20_at_08.34.59-1430x804.jpeg 1430w, https:\/\/alzira.es\/wp-content\/uploads\/2021\/01\/noves_mesures_2021-01-20_at_08.34.59-768x432.jpeg 768w, https:\/\/alzira.es\/wp-content\/uploads\/2021\/01\/noves_mesures_2021-01-20_at_08.34.59-1536x864.jpeg 1536w\" sizes=\"(max-width: 706px) 89vw, (max-width: 767px) 82vw, 740px\" \/><\/p>\n","protected":false},"excerpt":{"rendered":"<p>NUEVAS MEDIDAS ADOPTADAS POR LA GENERALITAT A partir de JUEVES 21 DE ENERO Y DURANTE 14 D\u00cdAS El presidente de la Generalitat, Ximo Puig Ferrer comparece junto con la consejera de Sanidad, Ana Barcel\u00f3, para explicar las medidas de prevenci\u00f3n y actuaci\u00f3n ante la #COVID19 despu\u00e9s de la reuni\u00f3n con la Mesa Interdepartamental Resumen de &hellip; <\/p>\n<p class=\"link-more\"><a href=\"https:\/\/alzira.es\/es\/noves-mesures-adoptades-per-la-generalitat-a-partir-de-dijous-21-de-gener-i-durant-14-dies\/\" class=\"more-link\">Continuar leyendo<span class=\"screen-reader-text\"> \u00abNuevas medidas adoptadas por la Generalitat a partir del jueves 21 de Enero y durante 14 d\u00edas\u00bb<\/span><\/a><\/p>\n","protected":false},"author":36,"featured_media":53262,"comment_status":"","ping_status":"","sticky":false,"template":"","format":"standard","meta":{"_acf_changed":false,"footnotes":""},"categories":[4936],"tags":[],"class_list":["post-53264","post","type-post","status-publish","format-standard","has-post-thumbnail","hentry","category-hemeroteca-es"],"acf":[],"_links":{"self":[{"href":"https:\/\/alzira.es\/es\/wp-json\/wp\/v2\/posts\/53264","targetHints":{"allow":["GET"]}}],"collection":[{"href":"https:\/\/alzira.es\/es\/wp-json\/wp\/v2\/posts"}],"about":[{"href":"https:\/\/alzira.es\/es\/wp-json\/wp\/v2\/types\/post"}],"author":[{"embeddable":true,"href":"https:\/\/alzira.es\/es\/wp-json\/wp\/v2\/users\/36"}],"replies":[{"embeddable":true,"href":"https:\/\/alzira.es\/es\/wp-json\/wp\/v2\/comments?post=53264"}],"version-history":[{"count":0,"href":"https:\/\/alzira.es\/es\/wp-json\/wp\/v2\/posts\/53264\/revisions"}],"wp:featuredmedia":[{"embeddable":true,"href":"https:\/\/alzira.es\/es\/wp-json\/wp\/v2\/media\/53262"}],"wp:attachment":[{"href":"https:\/\/alzira.es\/es\/wp-json\/wp\/v2\/media?parent=53264"}],"wp:term":[{"taxonomy":"category","embeddable":true,"href":"https:\/\/alzira.es\/es\/wp-json\/wp\/v2\/categories?post=53264"},{"taxonomy":"post_tag","embeddable":true,"href":"https:\/\/alzira.es\/es\/wp-json\/wp\/v2\/tags?post=53264"}],"curies":[{"name":"wp","href":"https:\/\/api.w.org\/{rel}","templated":true}]}}