{"id":53261,"date":"2021-01-19T15:00:24","date_gmt":"2021-01-19T14:00:24","guid":{"rendered":"https:\/\/alzira.es\/la-generalitat-presenta-el-pla-resisteix-dotat-amb-340-milions-per-a-la-reactivacio-urgent-dels-sec-tors-mes-afectats-per-la-covid-19-2\/"},"modified":"2021-01-19T15:00:24","modified_gmt":"2021-01-19T14:00:24","slug":"la-generalitat-presenta-el-pla-resisteix-dotat-amb-340-milions-per-a-la-reactivacio-urgent-dels-sec-tors-mes-afectats-per-la-covid-19-2","status":"publish","type":"post","link":"https:\/\/alzira.es\/es\/la-generalitat-presenta-el-pla-resisteix-dotat-amb-340-milions-per-a-la-reactivacio-urgent-dels-sec-tors-mes-afectats-per-la-covid-19-2\/","title":{"rendered":"La Generalitat presenta el pla Resisteix, dotat amb 340 milions per a la reactivaci\u00f3 urgent dels sectors m\u00e9s afectats per la COVID-19"},"content":{"rendered":"<h3>&#8211; El president de la Generalitat s&#8217;ha reunit amb els representants de la pa-tronal i els sindicats per a traslladar-los el nou pla de xoc<br \/>&#8211; Les ajudes que preveu el pla beneficiaran 21.000 empreses i 43.000 au-t\u00f2noms dels sectors m\u00e9s sensibles a la paralitzaci\u00f3 de la mobilitat social<\/h3>\n<p>Val\u00e8ncia. El president de la Generalitat, Ximo Puig, ha presentat hui el pla de xoc Resisteix, dotat amb 340 milions d&#8217;euros, i que est\u00e0 dirigit a minimitzar els danys i reactivar els sectors econ\u00f2mics m\u00e9s afectats per les restriccions derivades de la pand\u00e8mia.<\/p>\n<p>Segons ha indicat el president, les ajudes que preveu el pla permetran beneficiar 21.000 empreses i 43.000 aut\u00f2noms dels sectors m\u00e9s sensibles a la paralitzaci\u00f3 de la mobilitat social, com l&#8217;hoteleria i els allotjaments tur\u00edstics, l&#8217;hostaleria i la restauraci\u00f3, les activitats tur\u00edstiques (com ara ag\u00e8ncies de viatge, operadors tur\u00edstics o serveis de reserva) i les activitats art\u00edstiques i d&#8217;oci (com ara les arts esc\u00e8niques, la gesti\u00f3 de sales d&#8217;espectacles, els gimnasos, els parcs d&#8217;atraccions o les ludoteques).<\/p>\n<p>Ximo Puig ha presentat el pla Resisteix despr\u00e9s de la reuni\u00f3 que ha mantingut amb el secretari general de CCOO-PV, Arturo Le\u00f3n; el secretari general d&#8217;UGT-PV, Ismael S\u00e1ez; i el president de la CEV, Salvador Navarro, a la qual tamb\u00e9 han assistit el conseller d&#8217;Hisenda i Model Econ\u00f2mic, Vicent Soler; el conseller d&#8217;Economia Sostenible, Sectors Productius, Comer\u00e7 i Treball, Rafa Climent; i el conseller d&#8217;Educaci\u00f3, Cultura i Esport, Vicent Marz\u00e0.<\/p>\n<p>Durant la seua intervenci\u00f3, el president ha assegurat que el Consell est\u00e0 centrant la seua gesti\u00f3 en la superaci\u00f3 de la pand\u00e8mia i la reactivaci\u00f3 econ\u00f2mica, perqu\u00e8 la prioritat ara \u00e9s <em>\u00absalvar vides, salvar treballs i empreses i salvar fam\u00edlies\u00bb<\/em>, i tot aix\u00f2, segons ha assegurat, <em>\u00abde manera simult\u00e0nia\u00bb<\/em>.<\/p>\n<p>El cap del Consell ha recordat que, des de l&#8217;aparici\u00f3 de la COVID-19, la Generalitat ha destinat m\u00e9s de 1.000 milions a fer front a la pand\u00e8mia, dels quals m\u00e9s de 170 milions s&#8217;han destinat a compensar l&#8217;impacte en treballadors, aut\u00f2noms i empreses privades.<\/p>\n<p>A m\u00e9s, ha destacat que la Comunitat Valenciana ha sigut l&#8217;autonomia que m\u00e9s ajudes ha destinat als treballadors aut\u00f2noms, un total de 57 milions d&#8217;euros. No obstant aix\u00f2, l&#8217;augment de les restriccions requereix<em> \u00abfer un pas m\u00e9s\u00bb<\/em> en el suport al teixit productiu.<\/p>\n<p>Respecte de la necessitat de donar suport als sectors econ\u00f2mics als quals es dirigeix el pla, el president ha indicat que l&#8217;hostaleria representa, segons les dades de finals de 2020, <em>\u00abquasi la meitat dels treballadors que continuen en ERTO i dels aut\u00f2noms amb prestaci\u00f3 per cessament d&#8217;activitat\u00bb<\/em>. Aix\u00ed mateix, ha assenyalat que, des de l&#8217;inici de la pand\u00e8mia, els sectors esmentats concentren el 30 % de la p\u00e8rdua del valor afegit i el 59 % de la destrucci\u00f3 de l&#8217;ocupaci\u00f3 de la Comunitat Valenciana. <em>\u00abPer aix\u00f2 -ha assegurat-, les administracions p\u00fabliques estem obligades a protegir l&#8217;ocupaci\u00f3 i l&#8217;activitat de les empreses en aquest per\u00edode de par\u00e8ntesi en la seua activitat normal\u00bb<\/em>.<\/p>\n<p>A m\u00e9s, el cap del Consell ha destacat l&#8217;agilitat amb la qual s&#8217;ha arribat a un acord sobre el pla Resisteix i, en aquest sentit, ha recordat que, en els \u00faltims 10 dies, s&#8217;han mantingut reunions amb la patronal i els sindicats per a explorar les ajudes als sectors m\u00e9s afectats, s&#8217;ha convocat la mesa institucional amb les diputacions, els grans ajuntaments i la Federaci\u00f3 Valenciana de Municipis i Prov\u00edncies per a acordar el Fons COVID-19 de Cooperaci\u00f3 Municipal i s&#8217;ha dissenyat el pla Resisteix.<\/p>\n<p><strong>Quatre blocs d&#8217;ajudes<\/strong><\/p>\n<p>En la seua intervenci\u00f3, el president ha explicat que el pla de xoc s&#8217;articula en quatre blocs: ajudes directes a empreses, aut\u00f2noms i treballadors afectats per ERTO, dotat amb 105 milions d&#8217;euros; ajudes espec\u00edfiques per a sectors amb un perjudici sostingut durant tota la pand\u00e8mia, amb 8 milions d&#8217;euros; instruments financers nous de l&#8217;Institut Valenci\u00e0 de Finances (IVF), per import de 100 milions d&#8217;euros; i el Fons de Cooperaci\u00f3 COVID-19, acordat amb diputacions i ajuntaments, que ascendeix a 127 milions d&#8217;euros.<\/p>\n<p>Cal destacar que les diferents ajudes no tindran un car\u00e0cter excloent, per la qual cosa una mateixa empresa o aut\u00f2nom podr\u00e0 optar a m\u00e9s d&#8217;una prestaci\u00f3 de les que s&#8217;inclouen en el pla Resisteix, amb l&#8217;objectiu que tinguen un impacte real en tot el territori i responguen realment a les necessitats de les diferents realitats productives que es donen dins de cada sector.<\/p>\n<p>En concret, dins del primer bloc d&#8217;ajudes, les principals mesures establides en el pla s\u00f3n una l\u00ednia de 80 milions d&#8217;euros d&#8217;ajudes directes de la Generalitat dirigides a bonificar fins al 100 % les quotes a la Seguretat Social de les m\u00e9s de 21.000 empreses i 43.000 aut\u00f2noms dels sectors de l&#8217;allotjament i l&#8217;hostaleria, les ag\u00e8ncies de viatge i les activitats art\u00edstiques, recreatives i d&#8217;oci.<\/p>\n<p>Aix\u00ed mateix, es preveu concedir 8 milions d&#8217;euros als 26.000 aut\u00f2noms m\u00e9s afectats pel tancament total de la seua activitat o per la reducci\u00f3 dr\u00e0stica dels ingressos. Es tracta d&#8217;una ajuda auton\u00f2mica que ser\u00e0 complement\u00e0ria a la prestaci\u00f3 que ja han rebut de la Seguretat Social.<\/p>\n<p>Igualment, s&#8217;ha previst destinar 17 milions d&#8217;euros, mitjan\u00e7ant una ajuda directa auton\u00f2mica, als 48.000 treballadors que encara hui continuen en ERTO i que pateixen una situaci\u00f3 de reducci\u00f3 de salaris \u00abque s&#8217;est\u00e0 allargant massa\u00bb, ha assegurat el president.<\/p>\n<p>A m\u00e9s, Puig ha anunciat una l\u00ednia espec\u00edfica, dotada amb 8 milions d&#8217;euros, per al suport a les activitats de l&#8217;oci i l&#8217;entreteniment -amb especial atenci\u00f3 a l&#8217;oci nocturn-, per la restricci\u00f3 sostinguda, durant aquests mesos, per a contindre la pand\u00e8mia i de la qual es beneficiaran especialment les sales de festa i d&#8217;espectacles, discoteques, &#8216;pubs&#8217; o caf\u00e9s teatre.<\/p>\n<p>En el tercer bloc d&#8217;ajudes, dotat amb 100 milions d&#8217;euros, el president ha anunciat la creaci\u00f3 de dos instruments nous de finan\u00e7ament empresarial, <em>\u00abamb unes condicions molt favorables\u00bb, que posar\u00e0 en marxa l&#8217;IVF, \u00abamb l&#8217;objectiu d&#8217;aportar liquiditat i solv\u00e8ncia a les empreses en 2021\u00bb<\/em>.<\/p>\n<p>Es tracta, d&#8217;una banda, d&#8217;una l\u00ednia de pr\u00e9stecs bonificats de fins a 750.000 euros per a les empreses vinculades a l&#8217;oci, l&#8217;allotjament i la restauraci\u00f3 i activitats connexes, mitjan\u00e7ant la qual l&#8217;IVF pret\u00e9n mobilitzar 50 milions d&#8217;euros. Aquests pr\u00e9stecs inclouen una part no reemborsable que podr\u00e0 ser, segons els trams del cr\u00e8dit, de fins al 30 %.<\/p>\n<p>D&#8217;altra banda, es crea una l\u00ednia per a pr\u00e9stecs participatius, de fins a 800.000 euros, <em>\u00abper a empreses amb una situaci\u00f3 financera l\u00edmit i que, abans de la pand\u00e8mia, que eren viables\u00bb<\/em>. Amb aquesta l\u00ednia, l&#8217;IVF pret\u00e9n mobilitzar 50 milions d&#8217;euros m\u00e9s.<\/p>\n<p>Finalment, el president ha recordat la creaci\u00f3 del Fons de Cooperaci\u00f3 Municipal COVID-19, que s&#8217;ha ampliat fins als 127 milions d&#8217;euros despr\u00e9s d&#8217;incloure tamb\u00e9 ajudes a l&#8217;artesania o a altres sectors vinculats a la festa que estan patint, en gran manera, les conseq\u00fc\u00e8ncies de la pand\u00e8mia.<\/p>\n<p><strong>Fons React-EU<\/strong><\/p>\n<p>En el transcurs de l&#8217;acte, el president tamb\u00e9 ha explicat que les ajudes s&#8217;articularan mitjan\u00e7ant el fons espec\u00edfic de resposta de la UE dins del programa de recuperaci\u00f3 europeu <em>\u00abNext Generation EU\u00bb<\/em>, el Fons React-EU, del qual la Comunitat Valenciana rebr\u00e0, en els pr\u00f2xims dos anys, 1.250 milions i que, tal com estableix la comunicaci\u00f3 de la Comissi\u00f3 Europea, ha de destinar-se precisament a la recuperaci\u00f3 econ\u00f2mica i al sosteniment de l&#8217;ocupaci\u00f3 i de l&#8217;activitat dels estats membres, entre altres objectius.<\/p>\n<p><img fetchpriority=\"high\" decoding=\"async\" class=\" size-full wp-image-53258\" style=\"display: block; margin-left: auto; margin-right: auto;\" src=\"https:\/\/alzira.es\/wp-content\/uploads\/2021\/01\/resiste.jpg\" alt=\"resiste\" width=\"1000\" height=\"563\" srcset=\"https:\/\/alzira.es\/wp-content\/uploads\/2021\/01\/resiste.jpg 1920w, https:\/\/alzira.es\/wp-content\/uploads\/2021\/01\/resiste-680x383.jpg 680w, https:\/\/alzira.es\/wp-content\/uploads\/2021\/01\/resiste-1430x804.jpg 1430w, https:\/\/alzira.es\/wp-content\/uploads\/2021\/01\/resiste-768x432.jpg 768w, https:\/\/alzira.es\/wp-content\/uploads\/2021\/01\/resiste-1536x864.jpg 1536w\" sizes=\"(max-width: 706px) 89vw, (max-width: 767px) 82vw, 740px\" \/><\/p>\n","protected":false},"excerpt":{"rendered":"<p>&#8211; El president de la Generalitat s&#8217;ha reunit amb els representants de la pa-tronal i els sindicats per a traslladar-los el nou pla de xoc&#8211; Les ajudes que preveu el pla beneficiaran 21.000 empreses i 43.000 au-t\u00f2noms dels sectors m\u00e9s sensibles a la paralitzaci\u00f3 de la mobilitat social Val\u00e8ncia. El president de la Generalitat, Ximo &hellip; <\/p>\n<p class=\"link-more\"><a href=\"https:\/\/alzira.es\/es\/la-generalitat-presenta-el-pla-resisteix-dotat-amb-340-milions-per-a-la-reactivacio-urgent-dels-sec-tors-mes-afectats-per-la-covid-19-2\/\" class=\"more-link\">Continuar leyendo<span class=\"screen-reader-text\"> \u00abLa Generalitat presenta el pla Resisteix, dotat amb 340 milions per a la reactivaci\u00f3 urgent dels sectors m\u00e9s afectats per la COVID-19\u00bb<\/span><\/a><\/p>\n","protected":false},"author":29,"featured_media":53258,"comment_status":"","ping_status":"","sticky":false,"template":"","format":"standard","meta":{"_acf_changed":false,"footnotes":""},"categories":[],"tags":[],"class_list":["post-53261","post","type-post","status-publish","format-standard","has-post-thumbnail","hentry"],"acf":[],"_links":{"self":[{"href":"https:\/\/alzira.es\/es\/wp-json\/wp\/v2\/posts\/53261","targetHints":{"allow":["GET"]}}],"collection":[{"href":"https:\/\/alzira.es\/es\/wp-json\/wp\/v2\/posts"}],"about":[{"href":"https:\/\/alzira.es\/es\/wp-json\/wp\/v2\/types\/post"}],"author":[{"embeddable":true,"href":"https:\/\/alzira.es\/es\/wp-json\/wp\/v2\/users\/29"}],"replies":[{"embeddable":true,"href":"https:\/\/alzira.es\/es\/wp-json\/wp\/v2\/comments?post=53261"}],"version-history":[{"count":0,"href":"https:\/\/alzira.es\/es\/wp-json\/wp\/v2\/posts\/53261\/revisions"}],"wp:featuredmedia":[{"embeddable":true,"href":"https:\/\/alzira.es\/es\/wp-json\/wp\/v2\/media\/53258"}],"wp:attachment":[{"href":"https:\/\/alzira.es\/es\/wp-json\/wp\/v2\/media?parent=53261"}],"wp:term":[{"taxonomy":"category","embeddable":true,"href":"https:\/\/alzira.es\/es\/wp-json\/wp\/v2\/categories?post=53261"},{"taxonomy":"post_tag","embeddable":true,"href":"https:\/\/alzira.es\/es\/wp-json\/wp\/v2\/tags?post=53261"}],"curies":[{"name":"wp","href":"https:\/\/api.w.org\/{rel}","templated":true}]}}