{"id":53260,"date":"2021-01-19T15:00:24","date_gmt":"2021-01-19T14:00:24","guid":{"rendered":"https:\/\/alzira.es\/la-generalitat-presenta-el-pla-resisteix-dotat-amb-340-milions-per-a-la-reactivacio-urgent-dels-sec-tors-mes-afectats-per-la-covid-19\/"},"modified":"2021-01-19T15:00:24","modified_gmt":"2021-01-19T14:00:24","slug":"la-generalitat-presenta-el-pla-resisteix-dotat-amb-340-milions-per-a-la-reactivacio-urgent-dels-sec-tors-mes-afectats-per-la-covid-19","status":"publish","type":"post","link":"https:\/\/alzira.es\/es\/la-generalitat-presenta-el-pla-resisteix-dotat-amb-340-milions-per-a-la-reactivacio-urgent-dels-sec-tors-mes-afectats-per-la-covid-19\/","title":{"rendered":"La Generalitat presenta el plan Resiste, dotado con 340 millones para la reactivaci\u00f3n urgente de los sectores m\u00e1s afectados por la COVID-19"},"content":{"rendered":"<h3>&#8211; El presidente de la Generalitat se ha reunido con los representantes de la patronal y los sindicatos para trasladarles el nuevo plan de choque<br \/>&#8211; Las ayudas contempladas en el plan beneficiar\u00e1n a 21.000 empresas y 43.000 aut\u00f3nomos de los sectores m\u00e1s sensibles a la paralizaci\u00f3n de la movilidad social<\/h3>\n<p>Val\u00e8ncia. El president de la Generalitat, Ximo Puig, ha presentado hoy el plan de choque<em> &#8216;Resiste&#8217;<\/em>, dotado con 340 millones de euros, y que est\u00e1 dirigido a minimizar los da\u00f1os y reactivar los sectores econ\u00f3micos m\u00e1s afectados por las restricciones derivadas de la pandemia.<\/p>\n<p>Seg\u00fan ha indicado el president, las ayudas contempladas en el plan permitir\u00e1n beneficiar a 21.000 empresas y 43.000 aut\u00f3nomos de los sectores m\u00e1s sensibles a la paralizaci\u00f3n de la movilidad social, como la hoteler\u00eda y los alojamientos tur\u00edsticos; la hosteler\u00eda y la restauraci\u00f3n; las actividades tur\u00edsticas (como agen-cias de viaje, operadores tur\u00edsticos o servicios de reserva), y las actividades ar-t\u00edsticas y de ocio (como artes esc\u00e9nicas, gesti\u00f3n de salas de espect\u00e1culos, gimnasios, parques de atracciones o ludotecas).<\/p>\n<p>Ximo Puig ha presentado el &#8216;Plan Resiste&#8217; tras la reuni\u00f3n mantenida con el sec-retario general de CCOO-PV, Arturo Le\u00f3n; el secretario general de UGT-PV, Ismael S\u00e1ez; y el presidente de la CEV, Salvador Navarro, a la que tambi\u00e9n han asistido el conseller de Hacienda y Modelo Econ\u00f3mico, Vicent Soler; el con-seller de Econom\u00eda Sostenible, Sectores Productivos, Comercio y Trabajo, Rafa Climent, y el conseller de Educaci\u00f3n, Cultura y Deporte, Vicent Marz\u00e0.<\/p>\n<p>Durante su intervenci\u00f3n, el president ha asegurado que el Consell est\u00e1 concen-trando su gesti\u00f3n en la superaci\u00f3n de la pandemia y la reactivaci\u00f3n econ\u00f3mica, porque la prioridad ahora es \u00absalvar vidas, salvar trabajos y empresas, y salvar familias\u00bb, y todo ello ha asegurado \u00abde manera simult\u00e1nea\u00bb.<\/p>\n<p>El jefe del Consell ha recordado que desde la aparici\u00f3n de la COVID-19, la Generalitat ha destinado m\u00e1s de 1.000 millones para hacer frente a la pandemia, de los cuales m\u00e1s de 170 millones han sido destinados a compensar el impacto en trabajadores, aut\u00f3nomos y empresas privadas.<\/p>\n<p>Adem\u00e1s ha destacado que la Comunitat Valenciana ha sido la autonom\u00eda que m\u00e1s ayudas ha destinado a los trabajadores aut\u00f3nomos, un total de 57 millones de euros. Sin embargo, el aumento de las restricciones requiere \u00abdar un nuevo paso\u00bb en el apoyo al tejido productivo.<\/p>\n<p>Respecto de la necesidad de apoyar a los sectores econ\u00f3micos a los que se dirige el plan, el president ha indicado que la hosteler\u00eda representa, seg\u00fan los datos de finales de 2020, <em>\u00abcasi la mitad de los trabajadores que contin\u00faan en ERTE y de los aut\u00f3nomos con prestaci\u00f3n por cese de actividad\u00bb<\/em>. Asimismo, ha se\u00f1alado que desde el inicio de la pandemia, los sectores mencionados concen-tran el 30% de la p\u00e9rdida del valor a\u00f1adido y el 59% de la destrucci\u00f3n del empleo de la Comunitat Valenciana.<em> \u00abPor ello -ha asegurado- las Administra-ciones P\u00fablicas estamos obligadas a proteger el empleo y la actividad de las empresas en este periodo de par\u00e9ntesis en su actividad normal\u00bb<\/em>.<\/p>\n<p>Adem\u00e1s, el jefe del Consell ha destacado la agilidad con la que se ha alcanzado el acuerdo acerca del Plan Resiste, y en este sentido ha recordado que en los \u00faltimos 10 d\u00edas se han celebrado reuniones con la patronal y los sindicatos para explorar las ayudas a los sectores m\u00e1s afectados; se ha convocado la mesa in-stitucional con las diputaciones, los grandes ayuntamientos y la Federaci\u00f3n Valenciana de Municipios y Provincias para acordar el Fondo COVID-19 de Cooperaci\u00f3n Municipal; y se ha dise\u00f1ado el Plan Resiste.<\/p>\n<p><strong>Cuatro bloques de ayudas<\/strong><\/p>\n<p>Durante su intervenci\u00f3n el president ha explicado que el plan de choque se ar-ticula en cuatro bloques: ayudas directas a empresas, aut\u00f3nomos y trabajadores afectados por ERTE, dotado con 105 millones de euros; ayudas espec\u00edficas para sectores con un perjuicio sostenido durante toda la pandemia, con 8 mil-lones de euros; nuevos instrumentos financieros del Instituto Valenciano de Finanzas (IVF) por importe de 100 millones de euros; y el Fondo de Cooper-aci\u00f3n COVID-19, acordado con diputaciones y ayuntamientos, que alcanzar\u00e1 los 127 millones de euros.<\/p>\n<p>Cabe destacar que las distintas ayudas no tendr\u00e1n un car\u00e1cter excluyente, por lo que una misma empresa o aut\u00f3nomo podr\u00e1 optar a m\u00e1s de una prestaci\u00f3n de las incluidas en el &#8216;Plan Resiste&#8217;, con el objetivo de que tengan un impacto real en todo el territorio y respondan realmente a las necesidades de las diferentes realidades productivas que se dan dentro de cada sector.<\/p>\n<p>En concreto, dentro del primer bloque de ayudas, las principales medidas esta-blecidas en el plan son una l\u00ednea de 80 millones de euros de ayudas directas de la Generalitat dirigidas a bonificar hasta el 100% las cuotas a la Seguridad So-cial de las m\u00e1s de 21.000 empresas y 43.000 aut\u00f3nomos de los sectores de alojamiento y hosteler\u00eda, agencias de viaje, acti-vidades art\u00edsticas, recreativas y de ocio.<\/p>\n<p>Asimismo, se contempla conceder 8 millones de euros para los 26.000 aut\u00f3no-mos m\u00e1s afectados por el cierre total de su actividad o la reducci\u00f3n dr\u00e1stica de los ingresos. Se trata de una ayuda auton\u00f3mica que ser\u00e1 complementaria a la prestaci\u00f3n que ya han recibido de la Seguridad Social.<\/p>\n<p>De mismo modo, se ha previsto destinar 17 millones de euros a trav\u00e9s de una ayuda directa auton\u00f3mica a los 48.000 trabajadores que a\u00fan hoy contin\u00faan en ERTE, y que sufren una situaci\u00f3n de reducci\u00f3n de salarios <em>\u00abque se est\u00e1 alargando demasiado\u00bb<\/em>, ha asegurado el president.<\/p>\n<p>Adem\u00e1s, Puig ha anunciado una l\u00ednea espec\u00edfica, dotada con 8 millones de eu-ros para el apoyo a las actividades del ocio y el entretenimiento -con especial atenci\u00f3n al ocio nocturno- por la restricci\u00f3n sostenida durante estos meses para contener la pandemia y del que se beneficiar\u00e1n especialmente las salas de fiesta y espect\u00e1culos, discotecas, pubs o caf\u00e9 teatros.<\/p>\n<p>En el tercer bloque de ayudas, dotado con 100 millones de euros, el president ha anunciado la creaci\u00f3n de dos nuevos instrumentos de financiaci\u00f3n empresar-ial <em>\u00abcon condiciones muy favora-bles\u00bb<\/em>, que pondr\u00e1 en marcha el IVF,<em> \u00abcon el objetivo de aportar liquidez y solvencia a las empresas durante 2021\u00bb<\/em>.<\/p>\n<p>Se trata, por un lado, de una l\u00ednea de pr\u00e9stamos bonificados de hasta 750.000 euros para las empresas vinculadas con el ocio, alojamiento y restauraci\u00f3n, y actividades conexas, a trav\u00e9s de la cual el IVF pretende movilizar 50 millones de euros. Estos pr\u00e9stamos incluyen una parte no reembolsable que podr\u00e1 alcan-zar seg\u00fan los tramos del cr\u00e9dito hasta el 30%.<\/p>\n<p>Por otro lado, se crea una l\u00ednea para pr\u00e9stamos participativos, de hasta 800.000 euros, <em>\u00abpara empresas con una situaci\u00f3n financiera l\u00edmite y que antes de la pan-demia s\u00ed eran viables\u00bb<\/em>. Con esta l\u00ednea, el IVF pretende movilizar otros 50 mil-lones de euros.<\/p>\n<p>Por \u00faltimo, el president ha recordado la creaci\u00f3n del Fondo de Cooperaci\u00f3n Municipal COVID-19, que se ha ampliado hasta los 127 millones de euros al incluir tambi\u00e9n ayudas a la artesan\u00eda o a otros sectores adosados a la fiesta que est\u00e1n sufriendo en mayor medida las consecuencias de la pandemia.<\/p>\n<p><strong>Fondos React-EU<\/strong><\/p>\n<p>En el transcurso del acto, el president tambi\u00e9n ha explicado que las ayudas se articular\u00e1n a trav\u00e9s del fondo espec\u00edfico de respuesta de la UE dentro del programa de recuperaci\u00f3n europeo Next Generation EU, el fondo React-EU, del que la Comunitat Valenciana recibir\u00e1 en los pr\u00f3ximos dos a\u00f1os 1.250 millones y que, tal y como establece la comunicaci\u00f3n de la Comisi\u00f3n Europea debe destinarse precisamente a la recuperaci\u00f3n econ\u00f3mica y al sostenimiento del empleo y de la actividad de los Estados Miembros, entre otros objetivos.<\/p>\n<p><img fetchpriority=\"high\" decoding=\"async\" class=\" size-full wp-image-53258\" style=\"display: block; margin-left: auto; margin-right: auto;\" src=\"https:\/\/alzira.es\/wp-content\/uploads\/2021\/01\/resiste.jpg\" alt=\"resiste\" width=\"1000\" height=\"563\" srcset=\"https:\/\/alzira.es\/wp-content\/uploads\/2021\/01\/resiste.jpg 1920w, https:\/\/alzira.es\/wp-content\/uploads\/2021\/01\/resiste-680x383.jpg 680w, https:\/\/alzira.es\/wp-content\/uploads\/2021\/01\/resiste-1430x804.jpg 1430w, https:\/\/alzira.es\/wp-content\/uploads\/2021\/01\/resiste-768x432.jpg 768w, https:\/\/alzira.es\/wp-content\/uploads\/2021\/01\/resiste-1536x864.jpg 1536w\" sizes=\"(max-width: 706px) 89vw, (max-width: 767px) 82vw, 740px\" \/><\/p>\n","protected":false},"excerpt":{"rendered":"<p>&#8211; El presidente de la Generalitat se ha reunido con los representantes de la patronal y los sindicatos para trasladarles el nuevo plan de choque&#8211; Las ayudas contempladas en el plan beneficiar\u00e1n a 21.000 empresas y 43.000 aut\u00f3nomos de los sectores m\u00e1s sensibles a la paralizaci\u00f3n de la movilidad social Val\u00e8ncia. El president de la &hellip; <\/p>\n<p class=\"link-more\"><a href=\"https:\/\/alzira.es\/es\/la-generalitat-presenta-el-pla-resisteix-dotat-amb-340-milions-per-a-la-reactivacio-urgent-dels-sec-tors-mes-afectats-per-la-covid-19\/\" class=\"more-link\">Continuar leyendo<span class=\"screen-reader-text\"> \u00abLa Generalitat presenta el plan Resiste, dotado con 340 millones para la reactivaci\u00f3n urgente de los sectores m\u00e1s afectados por la COVID-19\u00bb<\/span><\/a><\/p>\n","protected":false},"author":29,"featured_media":53258,"comment_status":"","ping_status":"","sticky":false,"template":"","format":"standard","meta":{"_acf_changed":false,"footnotes":""},"categories":[4936],"tags":[],"class_list":["post-53260","post","type-post","status-publish","format-standard","has-post-thumbnail","hentry","category-hemeroteca-es"],"acf":[],"_links":{"self":[{"href":"https:\/\/alzira.es\/es\/wp-json\/wp\/v2\/posts\/53260","targetHints":{"allow":["GET"]}}],"collection":[{"href":"https:\/\/alzira.es\/es\/wp-json\/wp\/v2\/posts"}],"about":[{"href":"https:\/\/alzira.es\/es\/wp-json\/wp\/v2\/types\/post"}],"author":[{"embeddable":true,"href":"https:\/\/alzira.es\/es\/wp-json\/wp\/v2\/users\/29"}],"replies":[{"embeddable":true,"href":"https:\/\/alzira.es\/es\/wp-json\/wp\/v2\/comments?post=53260"}],"version-history":[{"count":0,"href":"https:\/\/alzira.es\/es\/wp-json\/wp\/v2\/posts\/53260\/revisions"}],"wp:featuredmedia":[{"embeddable":true,"href":"https:\/\/alzira.es\/es\/wp-json\/wp\/v2\/media\/53258"}],"wp:attachment":[{"href":"https:\/\/alzira.es\/es\/wp-json\/wp\/v2\/media?parent=53260"}],"wp:term":[{"taxonomy":"category","embeddable":true,"href":"https:\/\/alzira.es\/es\/wp-json\/wp\/v2\/categories?post=53260"},{"taxonomy":"post_tag","embeddable":true,"href":"https:\/\/alzira.es\/es\/wp-json\/wp\/v2\/tags?post=53260"}],"curies":[{"name":"wp","href":"https:\/\/api.w.org\/{rel}","templated":true}]}}