{"id":53254,"date":"2021-01-18T14:47:57","date_gmt":"2021-01-18T13:47:57","guid":{"rendered":"https:\/\/alzira.es\/alzira-demana-mesures-mes-contundents-a-la-generalitat-2\/"},"modified":"2021-01-18T14:47:57","modified_gmt":"2021-01-18T13:47:57","slug":"alzira-demana-mesures-mes-contundents-a-la-generalitat-2","status":"publish","type":"post","link":"https:\/\/alzira.es\/es\/alzira-demana-mesures-mes-contundents-a-la-generalitat-2\/","title":{"rendered":"Alzira demana mesures m\u00e9s contundents a la Generalitat"},"content":{"rendered":"<h3>\u2022 Els municipis del Departament de Salut de la Ribera demanen a la Conselleria m\u00e9s restriccions<br \/>\u2022 A hores d&#8217;ara tenim una incid\u00e8ncia de 1.539 casos per cada 100.000 habitants<\/h3>\n<p>Despr\u00e9s de la reuni\u00f3 amb Salut P\u00fablica la passada setmana, diversos ajuntaments dels diferents municipis de la comarca han em\u00e9s un comunicat dirigit a la Conselleria de Sanitat on demanen una reuni\u00f3 en la qual s&#8217;explique la situaci\u00f3 sanit\u00e0ria, al temps que es demana mesures m\u00e9s contundents per a reduir i pal\u00b7liar l&#8217;alta d&#8217;incid\u00e8ncia de la COVID-19.<\/p>\n<p><strong>A hores d&#8217;ara<\/strong>,<strong> Alzira t\u00e9 703 casos actius i un \u00edndex de 1.539 casos positius per cada 100.000 habitants<\/strong>. <em>\u00abAra mateix la progressi\u00f3 \u00e9s incontrolable. Pr\u00e0cticament tota la comarca supera els 1.000 casos per cada 100.000 habitants i una bona part supera els 2000. Com alcalde, demane a la ciutadania que redu\u00efsca al m\u00e0xim el contacte social i que s&#8217;extremen les mesures sanit\u00e0ries. No fer-ho aix\u00ed implica continuar creixent en el nombre de contagiats\u00bb<\/em>, ha explicat l&#8217;alcalde <strong>Diego G\u00f3mez<\/strong>.<\/p>\n<p>En el cas de la ciutat d&#8217;Alzira, al comunicat dirigit a la Conselleria, <span style=\"text-decoration: underline;\">l&#8217;alcalde sol\u00b7licita que s&#8217;adopten mesures sociosanit\u00e0ries m\u00e9s contundents per frenar el nivell d&#8217;incid\u00e8ncia<\/span> que, en la nostra ciutat, es troba en unes xifres molt preocupants. A m\u00e9s a m\u00e9s, <span style=\"text-decoration: underline;\">tamb\u00e9 es demana que es registren les dades de forma coordinada entre Salut P\u00fablica i la seu electr\u00f2nica de la Conselleria de Sanitat perqu\u00e8 es puga actuar de manera m\u00e9s eficient<\/span>.<\/p>\n<p>Per a tractar aquestes q\u00fcestions i d&#8217;altres relatives a la crisi sanit\u00e0ria, es trasllada la necessitat d&#8217;una reuni\u00f3 virtual d&#8217;urg\u00e8ncia amb els alcaldes de la nostra \u00e0rea de salut, amb propostes que ajuden a aconseguir mitigar i millorar aquesta situaci\u00f3 que tant preocupa i afecta la ciutadania.<\/p>\n<p>Aix\u00ed mateix, el comunicat reconeix l&#8217;extraordin\u00e0ria dificultat de la tasca realitzada per les diverses administracions, tant estatals com auton\u00f2miques en la lluita contra aquesta pand\u00e8mia que ens assola. Els municipis de l&#8217;\u00e0rea de salut, compartixen aquest esfor\u00e7 amb la Conselleria, qui ha comptat, i comptar\u00e0 sempre, amb la col\u00b7laboraci\u00f3 lleial de les administracions locals i de tots els seus treballadors i treballadores, tant a l&#8217;hora d&#8217;implementar les pol\u00edtiques i estrat\u00e8gies dissenyades i ordenades per l&#8217;administraci\u00f3 auton\u00f2mica, com per a vetlar pel compliment de totes les normatives i restriccions aprovades per la mateixa.<\/p>\n<p>El treball diari amb les autoritats sanit\u00e0ries de l&#8217;\u00c0rea de Salut de La Ribera aporta informaci\u00f3 detallada als ajuntaments que s\u00f3n conscients del nivell de saturaci\u00f3 i de l&#8217;extraordinari sobreesfor\u00e7 al qual es veu sotm\u00e9s el nostre sistema de salut p\u00fablica.<\/p>\n<p>Malauradament, en les \u00faltimes setmanes s&#8217;ha vist augmentar de forma exponencial el nombre de contagis als nostres municipis. S&#8217;han adoptant totes les mesures possibles en l&#8217;\u00e0mbit local fins a esgotar les possibilitats de l&#8217;\u00e0rea competencial i s&#8217;ha comprovat com cap d&#8217;elles ha pogut contindre de manera efectiva la r\u00e0pida transmissi\u00f3 del virus.<em> \u00abEls nostres professionals sanitaris traslladen constantment la necessitat d&#8217;incrementar les mesures restrictives de la mobilitat per ser l&#8217;instrument m\u00e9s efectiu en la lluita per contindre, com m\u00e9s prompte, l&#8217;actual tend\u00e8ncia a l&#8217;al\u00e7a d&#8217;aquesta crisi sanit\u00e0ria i cal donar-los una resposta efectiva\u00bb<\/em>, aclarix l&#8217;alcalde.<\/p>\n<p style=\"text-align: center;\"><img fetchpriority=\"high\" decoding=\"async\" class=\" size-full wp-image-53251\" src=\"https:\/\/alzira.es\/wp-content\/uploads\/2021\/01\/alzira_demana_mesures_2.jpeg\" alt=\"alzira demana mesures 2\" width=\"1000\" height=\"797\" srcset=\"https:\/\/alzira.es\/wp-content\/uploads\/2021\/01\/alzira_demana_mesures_2.jpeg 1600w, https:\/\/alzira.es\/wp-content\/uploads\/2021\/01\/alzira_demana_mesures_2-680x542.jpeg 680w, https:\/\/alzira.es\/wp-content\/uploads\/2021\/01\/alzira_demana_mesures_2-1345x1072.jpeg 1345w, https:\/\/alzira.es\/wp-content\/uploads\/2021\/01\/alzira_demana_mesures_2-768x612.jpeg 768w, https:\/\/alzira.es\/wp-content\/uploads\/2021\/01\/alzira_demana_mesures_2-1536x1224.jpeg 1536w\" sizes=\"(max-width: 706px) 89vw, (max-width: 767px) 82vw, 740px\" \/><\/p>\n","protected":false},"excerpt":{"rendered":"<p>\u2022 Els municipis del Departament de Salut de la Ribera demanen a la Conselleria m\u00e9s restriccions\u2022 A hores d&#8217;ara tenim una incid\u00e8ncia de 1.539 casos per cada 100.000 habitants Despr\u00e9s de la reuni\u00f3 amb Salut P\u00fablica la passada setmana, diversos ajuntaments dels diferents municipis de la comarca han em\u00e9s un comunicat dirigit a la Conselleria &hellip; <\/p>\n<p class=\"link-more\"><a href=\"https:\/\/alzira.es\/es\/alzira-demana-mesures-mes-contundents-a-la-generalitat-2\/\" class=\"more-link\">Continuar leyendo<span class=\"screen-reader-text\"> \u00abAlzira demana mesures m\u00e9s contundents a la Generalitat\u00bb<\/span><\/a><\/p>\n","protected":false},"author":29,"featured_media":53251,"comment_status":"","ping_status":"","sticky":false,"template":"","format":"standard","meta":{"_acf_changed":false,"footnotes":""},"categories":[],"tags":[],"class_list":["post-53254","post","type-post","status-publish","format-standard","has-post-thumbnail","hentry"],"acf":[],"_links":{"self":[{"href":"https:\/\/alzira.es\/es\/wp-json\/wp\/v2\/posts\/53254","targetHints":{"allow":["GET"]}}],"collection":[{"href":"https:\/\/alzira.es\/es\/wp-json\/wp\/v2\/posts"}],"about":[{"href":"https:\/\/alzira.es\/es\/wp-json\/wp\/v2\/types\/post"}],"author":[{"embeddable":true,"href":"https:\/\/alzira.es\/es\/wp-json\/wp\/v2\/users\/29"}],"replies":[{"embeddable":true,"href":"https:\/\/alzira.es\/es\/wp-json\/wp\/v2\/comments?post=53254"}],"version-history":[{"count":0,"href":"https:\/\/alzira.es\/es\/wp-json\/wp\/v2\/posts\/53254\/revisions"}],"wp:featuredmedia":[{"embeddable":true,"href":"https:\/\/alzira.es\/es\/wp-json\/wp\/v2\/media\/53251"}],"wp:attachment":[{"href":"https:\/\/alzira.es\/es\/wp-json\/wp\/v2\/media?parent=53254"}],"wp:term":[{"taxonomy":"category","embeddable":true,"href":"https:\/\/alzira.es\/es\/wp-json\/wp\/v2\/categories?post=53254"},{"taxonomy":"post_tag","embeddable":true,"href":"https:\/\/alzira.es\/es\/wp-json\/wp\/v2\/tags?post=53254"}],"curies":[{"name":"wp","href":"https:\/\/api.w.org\/{rel}","templated":true}]}}