{"id":53253,"date":"2021-01-18T14:47:57","date_gmt":"2021-01-18T13:47:57","guid":{"rendered":"https:\/\/alzira.es\/alzira-demana-mesures-mes-contundents-a-la-generalitat\/"},"modified":"2021-01-18T14:47:57","modified_gmt":"2021-01-18T13:47:57","slug":"alzira-demana-mesures-mes-contundents-a-la-generalitat","status":"publish","type":"post","link":"https:\/\/alzira.es\/es\/alzira-demana-mesures-mes-contundents-a-la-generalitat\/","title":{"rendered":"Alzira pide medidas m\u00e1s contundentes en la Generalitat"},"content":{"rendered":"<h3>\u2022 Los municipios del Departamento de Salud de la Ribera piden a la Conseller\u00eda m\u00e1s restricciones<br \/>\u2022 A estas alturas tenemos una incidencia de 1.539 casos por cada 100.000 habitantes<\/h3>\n<p>Despu\u00e9s de la reuni\u00f3n con Salud P\u00fablica la pasada semana, varios ayuntamientos de los diferentes municipios de la comarca han emitido un comunicado dirigido a la Conseller\u00eda de Sanidad donde piden una reuni\u00f3n en la cual se explique la situaci\u00f3n sanitaria, al tiempo que se pide medidas m\u00e1s contundentes para reducir y paliar el alta de incidencia de la COVID-19.<\/p>\n<p><strong>A estas<\/strong> <strong>alturas<\/strong>, <strong>Alzira tiene 703 casos activos y un \u00edndice de 1.539 casos positivos por cada 100.000 habitantes<\/strong>. <em>\u00abAhora mismo la progresi\u00f3n es incontrolable. Pr\u00e1cticamente toda la comarca supera los 1.000 casos por cada 100.000 habitantes y una buena parte supera los 2000. Como alcalde, pido a la ciudadan\u00eda que reduzca al m\u00e1ximo el contacto social y que se extremen las medidas sanitarias. No hacerlo as\u00ed implica continuar creciendo en el n\u00famero de contagiados\u00bb<\/em>, ha explicado el alcalde <strong>Diego G\u00f3mez<\/strong>.<\/p>\n<p>En el caso de la ciudad de Alzira, al comunicado dirigido a la Conseller\u00eda, <span style=\"text-decoration: underline;\">el alcalde solicita que se adoptan medidas sociosanitarias m\u00e1s contundentes para frenar el nivel de incidencia<\/span> que, en nuestra ciudad, se encuentra en unas cifras muy preocupantes. Adem\u00e1s, <span style=\"text-decoration: underline;\">tambi\u00e9n se pide que se registren los datos de forma coordinada entre Salud P\u00fablica y la sede electr\u00f3nica de la Conseller\u00eda de Sanidad para que se pueda actuar de manera m\u00e1s eficiente<\/span>.<\/p>\n<p>Para tratar estas cuestiones y otras relativas a la crisis sanitaria, se traslada la necesidad de una reuni\u00f3n virtual de urgencia con los alcaldes de nuestra \u00e1rea de salud, con propuestas que ayudan a conseguir mitigar y mejorar esta situaci\u00f3n que tanto preocupa y afecta la ciudadan\u00eda.<\/p>\n<p>As\u00ed mismo, el comunicado reconoce la extraordinaria dificultad de la tarea realizada por las diversas administraciones, tanto estatales como auton\u00f3micas en la lucha contra esta pandemia que nos asola. Los municipios del \u00e1rea de salud, comparten este esfuerzo con la Conseller\u00eda, quien ha contado, y contar\u00e1 siempre, con la colaboraci\u00f3n leal de las administraciones locales y de todos sus trabajadores y trabajadoras, tanto en la hora de implementar las pol\u00edticas y estrategias dise\u00f1adas y ordenadas por la administraci\u00f3n auton\u00f3mica, como para velar por el cumplimiento de todas las normativas y restricciones aprobadas por la misma.<\/p>\n<p>El trabajo diario con las autoridades sanitarias del \u00e1rea de Salud de La Ribera aporta informaci\u00f3n detallada a los ayuntamientos que son conscientes del nivel de saturaci\u00f3n y del extraordinario sobreesfuerzo al cual se ve sometido nuestro sistema de salud p\u00fablica.<\/p>\n<p>Desgraciadamente, en las \u00faltimas semanas se ha visto aumentar de forma exponencial el n\u00famero de contagios en nuestros municipios. Se han adoptando todas las medidas posibles en el \u00e1mbito local hasta agotar las posibilidades del \u00e1rea competencial y se ha comprobado como ninguna de ellas ha podido contener de manera efectiva la r\u00e1pida transmisi\u00f3n del virus. <em>\u00abNuestros profesionales sanitarios trasladan constantemente la necesidad de incrementar las medidas restrictivas de la movilidad para ser el instrumento m\u00e1s efectivo en la lucha para contener, cuanto antes, la actual tendencia al alza de esta crisis sanitaria y hay que darles una respuesta efectiva\u00bb<\/em>, aclara el alcalde.<\/p>\n<p style=\"text-align: center;\"><img fetchpriority=\"high\" decoding=\"async\" class=\" size-full wp-image-53251\" src=\"https:\/\/alzira.es\/wp-content\/uploads\/2021\/01\/alzira_demana_mesures_2.jpeg\" alt=\"alzira demana mesures 2\" width=\"1000\" height=\"797\" srcset=\"https:\/\/alzira.es\/wp-content\/uploads\/2021\/01\/alzira_demana_mesures_2.jpeg 1600w, https:\/\/alzira.es\/wp-content\/uploads\/2021\/01\/alzira_demana_mesures_2-680x542.jpeg 680w, https:\/\/alzira.es\/wp-content\/uploads\/2021\/01\/alzira_demana_mesures_2-1345x1072.jpeg 1345w, https:\/\/alzira.es\/wp-content\/uploads\/2021\/01\/alzira_demana_mesures_2-768x612.jpeg 768w, https:\/\/alzira.es\/wp-content\/uploads\/2021\/01\/alzira_demana_mesures_2-1536x1224.jpeg 1536w\" sizes=\"(max-width: 706px) 89vw, (max-width: 767px) 82vw, 740px\" \/><\/p>\n","protected":false},"excerpt":{"rendered":"<p>\u2022 Los municipios del Departamento de Salud de la Ribera piden a la Conseller\u00eda m\u00e1s restricciones\u2022 A estas alturas tenemos una incidencia de 1.539 casos por cada 100.000 habitantes Despu\u00e9s de la reuni\u00f3n con Salud P\u00fablica la pasada semana, varios ayuntamientos de los diferentes municipios de la comarca han emitido un comunicado dirigido a la &hellip; <\/p>\n<p class=\"link-more\"><a href=\"https:\/\/alzira.es\/es\/alzira-demana-mesures-mes-contundents-a-la-generalitat\/\" class=\"more-link\">Continuar leyendo<span class=\"screen-reader-text\"> \u00abAlzira pide medidas m\u00e1s contundentes en la Generalitat\u00bb<\/span><\/a><\/p>\n","protected":false},"author":29,"featured_media":53251,"comment_status":"","ping_status":"","sticky":false,"template":"","format":"standard","meta":{"_acf_changed":false,"footnotes":""},"categories":[4936],"tags":[],"class_list":["post-53253","post","type-post","status-publish","format-standard","has-post-thumbnail","hentry","category-hemeroteca-es"],"acf":[],"_links":{"self":[{"href":"https:\/\/alzira.es\/es\/wp-json\/wp\/v2\/posts\/53253","targetHints":{"allow":["GET"]}}],"collection":[{"href":"https:\/\/alzira.es\/es\/wp-json\/wp\/v2\/posts"}],"about":[{"href":"https:\/\/alzira.es\/es\/wp-json\/wp\/v2\/types\/post"}],"author":[{"embeddable":true,"href":"https:\/\/alzira.es\/es\/wp-json\/wp\/v2\/users\/29"}],"replies":[{"embeddable":true,"href":"https:\/\/alzira.es\/es\/wp-json\/wp\/v2\/comments?post=53253"}],"version-history":[{"count":0,"href":"https:\/\/alzira.es\/es\/wp-json\/wp\/v2\/posts\/53253\/revisions"}],"wp:featuredmedia":[{"embeddable":true,"href":"https:\/\/alzira.es\/es\/wp-json\/wp\/v2\/media\/53251"}],"wp:attachment":[{"href":"https:\/\/alzira.es\/es\/wp-json\/wp\/v2\/media?parent=53253"}],"wp:term":[{"taxonomy":"category","embeddable":true,"href":"https:\/\/alzira.es\/es\/wp-json\/wp\/v2\/categories?post=53253"},{"taxonomy":"post_tag","embeddable":true,"href":"https:\/\/alzira.es\/es\/wp-json\/wp\/v2\/tags?post=53253"}],"curies":[{"name":"wp","href":"https:\/\/api.w.org\/{rel}","templated":true}]}}