{"id":53250,"date":"2021-01-15T14:36:05","date_gmt":"2021-01-15T13:36:05","guid":{"rendered":"https:\/\/alzira.es\/l-ajuntament-d-alzira-confirma-l-anul-lacio-del-pagament-de-la-taxa-de-terrasses-per-al-primer-semestre-de-2021-2\/"},"modified":"2021-01-15T14:36:05","modified_gmt":"2021-01-15T13:36:05","slug":"l-ajuntament-d-alzira-confirma-l-anul-lacio-del-pagament-de-la-taxa-de-terrasses-per-al-primer-semestre-de-2021-2","status":"publish","type":"post","link":"https:\/\/alzira.es\/es\/l-ajuntament-d-alzira-confirma-l-anul-lacio-del-pagament-de-la-taxa-de-terrasses-per-al-primer-semestre-de-2021-2\/","title":{"rendered":"L\u2019Ajuntament d\u2019Alzira confirma l\u2019anul\u00b7laci\u00f3 del pagament de la taxa de terrasses per al primer semestre de 2021"},"content":{"rendered":"<h3>\u2022 En 2020 l&#8217;ajuntament ja va destinar m\u00e9s de 150.000\u20ac a l&#8217;hostaleria<\/h3>\n<p>L&#8217;Ajuntament d&#8217;Alzira mitjan\u00e7ant la regidoria d&#8217;Hisenda anuncia l&#8217;anul\u00b7laci\u00f3 del pagament de la taxa d&#8217;Ocupaci\u00f3 de Via P\u00fablica per a terrasses de locals d&#8217;hostaleria i restauraci\u00f3 que es correspon amb els sis primers mesos de 2021.<\/p>\n<p>Es tracta d&#8217;una taxa que habitualment s&#8217;ha pagat en un \u00fanic tram corresponent als 12 mesos, i que enguany planteja d&#8217;entrada una anul\u00b7laci\u00f3 del <strong>50% del import<\/strong> (<em>gener-juny<\/em>). Passats estos sis mesos l&#8217;Ajuntament estudiar\u00e0 la possibilitat d&#8217;exonerar o no del pagament del per\u00edode referit al segon semestre (<em>juliol-desembre<\/em>).<\/p>\n<p><em>\u00abDes de l&#8217;equip de govern som conscients de les dificultats que estan patint els nostres hostalers i per aix\u00f2 entenem que les noves restriccions d&#8217;aforament i de limitaci\u00f3 hor\u00e0ria afecten de forma considerable a tot el sector de l&#8217;hostaleria, per aix\u00f2 hem plantejat l&#8217;anul\u00b7laci\u00f3 d&#8217;esta taxa per a sis mesos, a l&#8217;espera que millore la situaci\u00f3 a partir de l&#8217;estiu\u00bb<\/em>, assegura el regidor d&#8217;Hisenda, <strong>Albert Furi\u00f3<\/strong>.<\/p>\n<p><span style=\"text-decoration: underline;\">Cal recordar que, ja en 2020, l&#8217;Ajuntament va exonerar del pagament del 100% d&#8217;esta taxa a tots els hostalers de la nostra ciutat<\/span>. Esta mesura supos\u00e0 una disminuci\u00f3 d&#8217;ingressos per a l&#8217;Ajuntament de 110.000 euros.<\/p>\n<p>Des de l&#8217;inici de la pand\u00e8mia l&#8217;Ajuntament ha adoptat mesures dirigides a pal\u00b7liar les dificultats econ\u00f2miques de les empreses i negocis de la ciutat, com les ajudes directes per a aut\u00f2noms de 400 euros, amb un total de 141 negocis d&#8217;hostaleria que sol\u00b7licitaren i cobraren l&#8217;ajuda directa, el que suposa 47.800 euros. El total d&#8217;ajudes directes al sector de l&#8217;hostaleria i exoneracions fiscals suma 157.800\u20ac.<\/p>\n<p>D&#8217;altra banda<strong> atenent a les restriccions d&#8217;aforament interior dels locals o la prohibici\u00f3 de consum en barra, es van autoritzar totes les peticions d&#8217;ampliaci\u00f3 de terrassa <\/strong>d&#8217;aquells bars, cafeteries o restaurants que ho sol\u00b7licitaren<\/p>\n<p><img fetchpriority=\"high\" decoding=\"async\" class=\" size-full wp-image-53247\" style=\"display: block; margin-left: auto; margin-right: auto;\" src=\"https:\/\/alzira.es\/wp-content\/uploads\/2021\/01\/taxa_terrasses_15012021.jpeg\" alt=\"taxa terrasses 15012021\" width=\"1200\" height=\"696\" srcset=\"https:\/\/alzira.es\/wp-content\/uploads\/2021\/01\/taxa_terrasses_15012021.jpeg 1516w, https:\/\/alzira.es\/wp-content\/uploads\/2021\/01\/taxa_terrasses_15012021-680x394.jpeg 680w, https:\/\/alzira.es\/wp-content\/uploads\/2021\/01\/taxa_terrasses_15012021-1430x829.jpeg 1430w, https:\/\/alzira.es\/wp-content\/uploads\/2021\/01\/taxa_terrasses_15012021-768x445.jpeg 768w\" sizes=\"(max-width: 706px) 89vw, (max-width: 767px) 82vw, 740px\" \/><\/p>\n<p>&nbsp;<\/p>\n","protected":false},"excerpt":{"rendered":"<p>\u2022 En 2020 l&#8217;ajuntament ja va destinar m\u00e9s de 150.000\u20ac a l&#8217;hostaleria L&#8217;Ajuntament d&#8217;Alzira mitjan\u00e7ant la regidoria d&#8217;Hisenda anuncia l&#8217;anul\u00b7laci\u00f3 del pagament de la taxa d&#8217;Ocupaci\u00f3 de Via P\u00fablica per a terrasses de locals d&#8217;hostaleria i restauraci\u00f3 que es correspon amb els sis primers mesos de 2021. Es tracta d&#8217;una taxa que habitualment s&#8217;ha pagat &hellip; <\/p>\n<p class=\"link-more\"><a href=\"https:\/\/alzira.es\/es\/l-ajuntament-d-alzira-confirma-l-anul-lacio-del-pagament-de-la-taxa-de-terrasses-per-al-primer-semestre-de-2021-2\/\" class=\"more-link\">Continuar leyendo<span class=\"screen-reader-text\"> \u00abL\u2019Ajuntament d\u2019Alzira confirma l\u2019anul\u00b7laci\u00f3 del pagament de la taxa de terrasses per al primer semestre de 2021\u00bb<\/span><\/a><\/p>\n","protected":false},"author":29,"featured_media":53247,"comment_status":"","ping_status":"","sticky":false,"template":"","format":"standard","meta":{"_acf_changed":false,"footnotes":""},"categories":[],"tags":[],"class_list":["post-53250","post","type-post","status-publish","format-standard","has-post-thumbnail","hentry"],"acf":[],"_links":{"self":[{"href":"https:\/\/alzira.es\/es\/wp-json\/wp\/v2\/posts\/53250","targetHints":{"allow":["GET"]}}],"collection":[{"href":"https:\/\/alzira.es\/es\/wp-json\/wp\/v2\/posts"}],"about":[{"href":"https:\/\/alzira.es\/es\/wp-json\/wp\/v2\/types\/post"}],"author":[{"embeddable":true,"href":"https:\/\/alzira.es\/es\/wp-json\/wp\/v2\/users\/29"}],"replies":[{"embeddable":true,"href":"https:\/\/alzira.es\/es\/wp-json\/wp\/v2\/comments?post=53250"}],"version-history":[{"count":0,"href":"https:\/\/alzira.es\/es\/wp-json\/wp\/v2\/posts\/53250\/revisions"}],"wp:featuredmedia":[{"embeddable":true,"href":"https:\/\/alzira.es\/es\/wp-json\/wp\/v2\/media\/53247"}],"wp:attachment":[{"href":"https:\/\/alzira.es\/es\/wp-json\/wp\/v2\/media?parent=53250"}],"wp:term":[{"taxonomy":"category","embeddable":true,"href":"https:\/\/alzira.es\/es\/wp-json\/wp\/v2\/categories?post=53250"},{"taxonomy":"post_tag","embeddable":true,"href":"https:\/\/alzira.es\/es\/wp-json\/wp\/v2\/tags?post=53250"}],"curies":[{"name":"wp","href":"https:\/\/api.w.org\/{rel}","templated":true}]}}