{"id":53249,"date":"2021-01-15T14:36:05","date_gmt":"2021-01-15T13:36:05","guid":{"rendered":"https:\/\/alzira.es\/l-ajuntament-d-alzira-confirma-l-anul-lacio-del-pagament-de-la-taxa-de-terrasses-per-al-primer-semestre-de-2021\/"},"modified":"2021-01-15T14:36:05","modified_gmt":"2021-01-15T13:36:05","slug":"l-ajuntament-d-alzira-confirma-l-anul-lacio-del-pagament-de-la-taxa-de-terrasses-per-al-primer-semestre-de-2021","status":"publish","type":"post","link":"https:\/\/alzira.es\/es\/l-ajuntament-d-alzira-confirma-l-anul-lacio-del-pagament-de-la-taxa-de-terrasses-per-al-primer-semestre-de-2021\/","title":{"rendered":"El Ayuntamiento de Alzira confirma la anulaci\u00f3n del pago de la tasa de terrazas para el primer semestre de 2021"},"content":{"rendered":"<h3>\u2022 En 2020 el ayuntamiento ya destin\u00f3 m\u00e1s de 150.000\u20ac a la hosteler\u00eda<\/h3>\n<p>El Ayuntamiento de Alzira mediante la concejal\u00eda de Hacienda anuncia la anulaci\u00f3n del pago de la tasa de Ocupaci\u00f3n de V\u00eda P\u00fablica para terrazas de locales de hosteler\u00eda y restauraci\u00f3n que se corresponde con los seis primeros meses de 2021.<\/p>\n<p>Se trata de una tasa que habitualmente se ha pagado en un \u00fanico tramo correspondiente a los 12 meses, y que este a\u00f1o plantea de entrada una anulaci\u00f3n del <strong>50% del importe<\/strong> (<em>enero-junio<\/em>). Pasados estos seis meses el Ayuntamiento estudiar\u00e1 la posibilidad de exonerar o no del pago del periodo referido al segundo semestre (<em>julio-diciembre<\/em>).<\/p>\n<p><em>\u00abDesde el equipo de gobierno somos conscientes de las dificultades que est\u00e1n sufriendo nuestros hostaleros y por eso entendemos que las nuevas restricciones de aforo y de limitaci\u00f3n horaria afectan de forma considerable a todo el sector de la hosteler\u00eda, por eso hemos planteado la anulaci\u00f3n de esta tasa para seis meses, a la espera que mejore la situaci\u00f3n a partir del verano\u00bb<\/em>, asegura el regidor de Hacienda, <strong>Albert Furi\u00f3<\/strong>.<\/p>\n<p><span style=\"text-decoration: underline;\">Hay que recordar que, ya en 2020, el Ayuntamiento exoner\u00f3 del pago del 100% de esta tasa a todos los hostaleros de nuestra ciudad<\/span>. Esta medida supuso una disminuci\u00f3n de ingresos para el Ayuntamiento de 110.000 euros.<\/p>\n<p>Desde el inicio de la pandemia el Ayuntamiento ha adoptado medidas dirigidas a paliar las dificultades econ\u00f3micas de las empresas y negocios de la ciudad, como las ayudas directas para aut\u00f3nomos de 400 euros, con un total de 141 negocios de hosteler\u00eda que solicitaron y cobraron la ayuda directa, el que supone 47.800 euros. El total de ayudas directas al sector de la hosteler\u00eda y exoneraciones fiscales suma 157.800\u20ac.<\/p>\n<p>Por otro lado <strong>atendiendo a las restricciones de aforo interior de los locales o la prohibici\u00f3n de consumo en barra, se autorizaron todas las peticiones de ampliaci\u00f3n de terraza<\/strong> de aquellos bares, cafeter\u00edas o restaurantes que lo solicitaron<\/p>\n<p><img fetchpriority=\"high\" decoding=\"async\" class=\" size-full wp-image-53247\" style=\"display: block; margin-left: auto; margin-right: auto;\" src=\"https:\/\/alzira.es\/wp-content\/uploads\/2021\/01\/taxa_terrasses_15012021.jpeg\" alt=\"taxa terrasses 15012021\" width=\"1200\" height=\"696\" srcset=\"https:\/\/alzira.es\/wp-content\/uploads\/2021\/01\/taxa_terrasses_15012021.jpeg 1516w, https:\/\/alzira.es\/wp-content\/uploads\/2021\/01\/taxa_terrasses_15012021-680x394.jpeg 680w, https:\/\/alzira.es\/wp-content\/uploads\/2021\/01\/taxa_terrasses_15012021-1430x829.jpeg 1430w, https:\/\/alzira.es\/wp-content\/uploads\/2021\/01\/taxa_terrasses_15012021-768x445.jpeg 768w\" sizes=\"(max-width: 706px) 89vw, (max-width: 767px) 82vw, 740px\" \/><\/p>\n<p>&nbsp;<\/p>\n","protected":false},"excerpt":{"rendered":"<p>\u2022 En 2020 el ayuntamiento ya destin\u00f3 m\u00e1s de 150.000\u20ac a la hosteler\u00eda El Ayuntamiento de Alzira mediante la concejal\u00eda de Hacienda anuncia la anulaci\u00f3n del pago de la tasa de Ocupaci\u00f3n de V\u00eda P\u00fablica para terrazas de locales de hosteler\u00eda y restauraci\u00f3n que se corresponde con los seis primeros meses de 2021. Se trata &hellip; <\/p>\n<p class=\"link-more\"><a href=\"https:\/\/alzira.es\/es\/l-ajuntament-d-alzira-confirma-l-anul-lacio-del-pagament-de-la-taxa-de-terrasses-per-al-primer-semestre-de-2021\/\" class=\"more-link\">Continuar leyendo<span class=\"screen-reader-text\"> \u00abEl Ayuntamiento de Alzira confirma la anulaci\u00f3n del pago de la tasa de terrazas para el primer semestre de 2021\u00bb<\/span><\/a><\/p>\n","protected":false},"author":29,"featured_media":53247,"comment_status":"","ping_status":"","sticky":false,"template":"","format":"standard","meta":{"_acf_changed":false,"footnotes":""},"categories":[4936],"tags":[],"class_list":["post-53249","post","type-post","status-publish","format-standard","has-post-thumbnail","hentry","category-hemeroteca-es"],"acf":[],"_links":{"self":[{"href":"https:\/\/alzira.es\/es\/wp-json\/wp\/v2\/posts\/53249","targetHints":{"allow":["GET"]}}],"collection":[{"href":"https:\/\/alzira.es\/es\/wp-json\/wp\/v2\/posts"}],"about":[{"href":"https:\/\/alzira.es\/es\/wp-json\/wp\/v2\/types\/post"}],"author":[{"embeddable":true,"href":"https:\/\/alzira.es\/es\/wp-json\/wp\/v2\/users\/29"}],"replies":[{"embeddable":true,"href":"https:\/\/alzira.es\/es\/wp-json\/wp\/v2\/comments?post=53249"}],"version-history":[{"count":0,"href":"https:\/\/alzira.es\/es\/wp-json\/wp\/v2\/posts\/53249\/revisions"}],"wp:featuredmedia":[{"embeddable":true,"href":"https:\/\/alzira.es\/es\/wp-json\/wp\/v2\/media\/53247"}],"wp:attachment":[{"href":"https:\/\/alzira.es\/es\/wp-json\/wp\/v2\/media?parent=53249"}],"wp:term":[{"taxonomy":"category","embeddable":true,"href":"https:\/\/alzira.es\/es\/wp-json\/wp\/v2\/categories?post=53249"},{"taxonomy":"post_tag","embeddable":true,"href":"https:\/\/alzira.es\/es\/wp-json\/wp\/v2\/tags?post=53249"}],"curies":[{"name":"wp","href":"https:\/\/api.w.org\/{rel}","templated":true}]}}