{"id":53246,"date":"2021-01-15T13:54:45","date_gmt":"2021-01-15T12:54:45","guid":{"rendered":"https:\/\/alzira.es\/l-oficina-prop-d-alzira-destaca-per-l-atencio-i-informacio-oferida-2\/"},"modified":"2021-01-15T13:54:45","modified_gmt":"2021-01-15T12:54:45","slug":"l-oficina-prop-d-alzira-destaca-per-l-atencio-i-informacio-oferida-2","status":"publish","type":"post","link":"https:\/\/alzira.es\/es\/l-oficina-prop-d-alzira-destaca-per-l-atencio-i-informacio-oferida-2\/","title":{"rendered":"L\u2019oficina PROP d\u2019Alzira destaca per l\u2019atenci\u00f3 i informaci\u00f3 oferida"},"content":{"rendered":"<h3>\u2022 La Generalitat publica l&#8217;estudi anual de satisfacci\u00f3 2020<\/h3>\n<p>L&#8217;Ajuntament d&#8217;Alzira ha rebut els resultats de l&#8217;enquesta anual elaborada per la Conselleria de Participaci\u00f3, Transpar\u00e8ncia, Cooperaci\u00f3 i qualitat democr\u00e0tica per a con\u00e9ixer el nivell de satisfacci\u00f3 del servei d&#8217;atenci\u00f3 ciutadana mitjan\u00e7ant les oficines PROP de la Comunitat.<\/p>\n<p><strong>En 2020 l&#8217;oficina mixta alzirenya<\/strong>, <strong>amb conveni entre l&#8217;Ajuntament i la Generalitat<\/strong>, <strong>destaca pel bon resultat en els apartats de valoraci\u00f3 de la informaci\u00f3 i atenci\u00f3 rebuda<\/strong>, de manera clara tant per la forma com pel llenguatge que s&#8217;empra per a explicar la informaci\u00f3. A m\u00e9s tamb\u00e9 millora la valoraci\u00f3 pel que fa al temps d&#8217;espera i a la simplificaci\u00f3 i senzillesa de la tramitaci\u00f3.<\/p>\n<p>La Regidora responsable de l&#8217;\u00c0rea, <strong>Leticia Piquer<\/strong>, ha aprofitat per a traslladar la seua felicitaci\u00f3 al personal del PROP per la seua atenci\u00f3 i treball.<\/p>\n<p>Respecte al passat any, l&#8217;enquesta millora els resultats pel que fa a condicions ambientals de l&#8217;oficina, mesures de seguretat adaptades a la COVID, temps d&#8217;espera, temps d&#8217;atenci\u00f3, adequaci\u00f3 de l&#8217;atenci\u00f3, confidencialitat, accessibilitat f\u00edsica, informaci\u00f3 general i percepci\u00f3 de que l&#8217;entitat t\u00e9 en compte l&#8217;opini\u00f3 de l&#8217;usuari.<\/p>\n<p><strong>Es tracta d&#8217;una enquesta detallada de les 24 oficines per a con\u00e9ixer de forma detallada<\/strong> el perfil dels usuaris, les \u00e0rees de consulta, els motius i la freq\u00fc\u00e8ncia d&#8217;assist\u00e8ncia a les oficines. Amb este treball es mesura tamb\u00e9 el nivell de satisfacci\u00f3 dels usuaris.<\/p>\n<p>Es pot consultar l&#8217;enquesta amb detall des del seg\u00fcent <span style=\"font-size: 14pt;\"><a href=\"http:\/\/participacio.gva.es\/va\/web\/atencion-ciudadano\/enquesta-de-satisfaccio-012-prop\" target=\"_blank\" rel=\"noopener\">enlla\u00e7<\/a><\/span>.<br \/><a href=\"http:\/\/participacio.gva.es\/es\/web\/atencion-ciudadano\/enquesta-de-satisfaccio-012-prop\"><\/a><\/p>\n<p><strong>PROP<\/strong><br \/>Les oficines PROP centralitzen la informaci\u00f3 administrativa de la Generalitat i tenen com a objectiu principal ajudar la ciutadania a obtindre informaci\u00f3 completa, fiable i al dia, garantint l&#8217;absoluta confidencialitat.<\/p>\n<p>Pots concertar la cita pr\u00e8via tant per a registre com per a informaci\u00f3 <span style=\"font-size: 14pt;\"><a href=\"https:\/\/www.gva.es\/es\/inicio\/procedimientos?id_proc=15716\" target=\"_blank\" rel=\"noopener\">ac\u00ed<\/a><\/span><\/p>\n<p style=\"text-align: center;\"><span style=\"font-size: 14pt;\"><img fetchpriority=\"high\" decoding=\"async\" class=\" size-full wp-image-53241\" src=\"https:\/\/alzira.es\/wp-content\/uploads\/2021\/01\/15012021_NP_lestudi_anual_de_satisfaccio_2020_1.jpeg\" alt=\"15012021 NP lestudi anual de satisfacci\u00f3 2020 1\" width=\"600\" height=\"418\" srcset=\"https:\/\/alzira.es\/wp-content\/uploads\/2021\/01\/15012021_NP_lestudi_anual_de_satisfaccio_2020_1.jpeg 1319w, https:\/\/alzira.es\/wp-content\/uploads\/2021\/01\/15012021_NP_lestudi_anual_de_satisfaccio_2020_1-680x474.jpeg 680w, https:\/\/alzira.es\/wp-content\/uploads\/2021\/01\/15012021_NP_lestudi_anual_de_satisfaccio_2020_1-768x535.jpeg 768w\" sizes=\"(max-width: 600px) 100vw, 600px\" \/>&nbsp;&nbsp;<img decoding=\"async\" class=\"size-full wp-image-53243 lazyload\" data-src=\"https:\/\/alzira.es\/wp-content\/uploads\/2021\/01\/15012021_NP_lestudi_anual_de_satisfaccio_2020_2.jpeg\" alt=\"15012021 NP lestudi anual de satisfacci\u00f3 2020 2\" width=\"600\" height=\"417\" data-srcset=\"https:\/\/alzira.es\/wp-content\/uploads\/2021\/01\/15012021_NP_lestudi_anual_de_satisfaccio_2020_2.jpeg 1312w, https:\/\/alzira.es\/wp-content\/uploads\/2021\/01\/15012021_NP_lestudi_anual_de_satisfaccio_2020_2-680x473.jpeg 680w, https:\/\/alzira.es\/wp-content\/uploads\/2021\/01\/15012021_NP_lestudi_anual_de_satisfaccio_2020_2-768x534.jpeg 768w\" data-sizes=\"(max-width: 600px) 100vw, 600px\" src=\"data:image\/svg+xml;base64,PHN2ZyB3aWR0aD0iMSIgaGVpZ2h0PSIxIiB4bWxucz0iaHR0cDovL3d3dy53My5vcmcvMjAwMC9zdmciPjwvc3ZnPg==\" style=\"--smush-placeholder-width: 600px; --smush-placeholder-aspect-ratio: 600\/417;\" \/><\/span><\/p>\n<p class=\"MsoNormal\">&nbsp;<\/p>\n<p class=\"MsoNormal\">&nbsp;<\/p>\n","protected":false},"excerpt":{"rendered":"<p>\u2022 La Generalitat publica l&#8217;estudi anual de satisfacci\u00f3 2020 L&#8217;Ajuntament d&#8217;Alzira ha rebut els resultats de l&#8217;enquesta anual elaborada per la Conselleria de Participaci\u00f3, Transpar\u00e8ncia, Cooperaci\u00f3 i qualitat democr\u00e0tica per a con\u00e9ixer el nivell de satisfacci\u00f3 del servei d&#8217;atenci\u00f3 ciutadana mitjan\u00e7ant les oficines PROP de la Comunitat. En 2020 l&#8217;oficina mixta alzirenya, amb conveni entre &hellip; <\/p>\n<p class=\"link-more\"><a href=\"https:\/\/alzira.es\/es\/l-oficina-prop-d-alzira-destaca-per-l-atencio-i-informacio-oferida-2\/\" class=\"more-link\">Continuar leyendo<span class=\"screen-reader-text\"> \u00abL\u2019oficina PROP d\u2019Alzira destaca per l\u2019atenci\u00f3 i informaci\u00f3 oferida\u00bb<\/span><\/a><\/p>\n","protected":false},"author":29,"featured_media":53241,"comment_status":"","ping_status":"","sticky":false,"template":"","format":"standard","meta":{"_acf_changed":false,"footnotes":""},"categories":[],"tags":[],"class_list":["post-53246","post","type-post","status-publish","format-standard","has-post-thumbnail","hentry"],"acf":[],"_links":{"self":[{"href":"https:\/\/alzira.es\/es\/wp-json\/wp\/v2\/posts\/53246","targetHints":{"allow":["GET"]}}],"collection":[{"href":"https:\/\/alzira.es\/es\/wp-json\/wp\/v2\/posts"}],"about":[{"href":"https:\/\/alzira.es\/es\/wp-json\/wp\/v2\/types\/post"}],"author":[{"embeddable":true,"href":"https:\/\/alzira.es\/es\/wp-json\/wp\/v2\/users\/29"}],"replies":[{"embeddable":true,"href":"https:\/\/alzira.es\/es\/wp-json\/wp\/v2\/comments?post=53246"}],"version-history":[{"count":0,"href":"https:\/\/alzira.es\/es\/wp-json\/wp\/v2\/posts\/53246\/revisions"}],"wp:featuredmedia":[{"embeddable":true,"href":"https:\/\/alzira.es\/es\/wp-json\/wp\/v2\/media\/53241"}],"wp:attachment":[{"href":"https:\/\/alzira.es\/es\/wp-json\/wp\/v2\/media?parent=53246"}],"wp:term":[{"taxonomy":"category","embeddable":true,"href":"https:\/\/alzira.es\/es\/wp-json\/wp\/v2\/categories?post=53246"},{"taxonomy":"post_tag","embeddable":true,"href":"https:\/\/alzira.es\/es\/wp-json\/wp\/v2\/tags?post=53246"}],"curies":[{"name":"wp","href":"https:\/\/api.w.org\/{rel}","templated":true}]}}