{"id":53245,"date":"2021-01-15T13:54:45","date_gmt":"2021-01-15T12:54:45","guid":{"rendered":"https:\/\/alzira.es\/l-oficina-prop-d-alzira-destaca-per-l-atencio-i-informacio-oferida\/"},"modified":"2021-01-15T13:54:45","modified_gmt":"2021-01-15T12:54:45","slug":"l-oficina-prop-d-alzira-destaca-per-l-atencio-i-informacio-oferida","status":"publish","type":"post","link":"https:\/\/alzira.es\/es\/l-oficina-prop-d-alzira-destaca-per-l-atencio-i-informacio-oferida\/","title":{"rendered":"La oficina PROP de Alzira destaca por la atenci\u00f3n e informaci\u00f3n ofrecida"},"content":{"rendered":"<h3 style=\"text-align: justify;\">\u2022 La Generalitat publica el estudio anual de satisfacci\u00f3n 2020<\/h3>\n<p>El Ayuntamiento de Alzira ha recibido los resultados de la encuesta anual elaborada por la Conseller\u00eda de Participaci\u00f3n, Transparencia, Cooperaci\u00f3n y calidad democr\u00e1tica para conocer el nivel de satisfacci\u00f3n del servicio de atenci\u00f3n ciudadana mediante las oficinas Cerca de la Comunidad.<\/p>\n<p><strong>En 2020 la oficina mixta alzire\u00f1a, con convenio entre el Ayuntamiento y la Generalitat, destaca por el buen resultado en los apartados de valoraci\u00f3n de la informaci\u00f3n y atenci\u00f3n recibida<\/strong>, de manera clara tanto por la forma como por el lenguaje que se emplea para explicar la informaci\u00f3n. Adem\u00e1s tambi\u00e9n mejora la valoraci\u00f3n en cuanto al tiempo de espera y a la simplificaci\u00f3n y sencillez de la tramitaci\u00f3n.<\/p>\n<p>La Regidora responsable del \u00e1rea, <strong>Leticia Piquer<\/strong>, ha aprovechado para trasladar su felicitaci\u00f3n al personal del PROP por su atenci\u00f3n y trabajo.<\/p>\n<p>Respecto al pasado a\u00f1o, la encuesta mejora los resultados en cuanto a condiciones ambientales de la oficina, medidas de seguridad adaptadas a el COVID, tiempo de espera, tiempo de atenci\u00f3n, adecuaci\u00f3n de la atenci\u00f3n, confidencialidad, accesibilidad f\u00edsica, informaci\u00f3n general y percepci\u00f3n de que la entidad tiene en cuenta la opini\u00f3n del usuario.<\/p>\n<p><strong>Se trata de una encuesta detallada de las 24 oficinas para conocer de forma detallada<\/strong> el perfil de los usuarios, las \u00e1reas de consulta, los motivos y la frecuencia de asistencia a las oficinas. Con este trabajo se mesura tambi\u00e9n el nivel de satisfacci\u00f3n de los usuarios.<\/p>\n<p>Se puede consultar la encuesta con detalle desde el siguiente <span style=\"font-size: 14pt;\"><a href=\"http:\/\/participacio.gva.es\/es\/web\/atencion-ciudadano\/enquesta-de-satisfaccio-012-prop\" target=\"_blank\" rel=\"noopener\">enlace<\/a><\/span>.<\/p>\n<p><strong>PROP<\/strong><br \/>Las oficinas PROP centralizan la informaci\u00f3n administrativa de la Generalitat y tienen como objetivo principal ayudar la ciudadan\u00eda a obtener informaci\u00f3n completa, fiable y en el d\u00eda, garantizando la absoluta confidencialidad.<\/p>\n<p>Puedes concertar la cita previa tanto para registro como para informaci\u00f3n <span style=\"font-size: 14pt;\"><a href=\"https:\/\/www.gva.es\/es\/inicio\/procedimientos?id_proc=15716\" target=\"_blank\" rel=\"noopener\">aqu\u00ed<\/a><\/span>.<\/p>\n<p style=\"text-align: center;\"><span style=\"font-size: 14pt;\"><img fetchpriority=\"high\" decoding=\"async\" class=\" size-full wp-image-53241\" src=\"https:\/\/alzira.es\/wp-content\/uploads\/2021\/01\/15012021_NP_lestudi_anual_de_satisfaccio_2020_1.jpeg\" alt=\"15012021 NP lestudi anual de satisfacci\u00f3 2020 1\" width=\"600\" height=\"418\" srcset=\"https:\/\/alzira.es\/wp-content\/uploads\/2021\/01\/15012021_NP_lestudi_anual_de_satisfaccio_2020_1.jpeg 1319w, https:\/\/alzira.es\/wp-content\/uploads\/2021\/01\/15012021_NP_lestudi_anual_de_satisfaccio_2020_1-680x474.jpeg 680w, https:\/\/alzira.es\/wp-content\/uploads\/2021\/01\/15012021_NP_lestudi_anual_de_satisfaccio_2020_1-768x535.jpeg 768w\" sizes=\"(max-width: 600px) 100vw, 600px\" \/>&nbsp;&nbsp;<img decoding=\"async\" class=\"size-full wp-image-53243 lazyload\" data-src=\"https:\/\/alzira.es\/wp-content\/uploads\/2021\/01\/15012021_NP_lestudi_anual_de_satisfaccio_2020_2.jpeg\" alt=\"15012021 NP lestudi anual de satisfacci\u00f3 2020 2\" width=\"600\" height=\"417\" data-srcset=\"https:\/\/alzira.es\/wp-content\/uploads\/2021\/01\/15012021_NP_lestudi_anual_de_satisfaccio_2020_2.jpeg 1312w, https:\/\/alzira.es\/wp-content\/uploads\/2021\/01\/15012021_NP_lestudi_anual_de_satisfaccio_2020_2-680x473.jpeg 680w, https:\/\/alzira.es\/wp-content\/uploads\/2021\/01\/15012021_NP_lestudi_anual_de_satisfaccio_2020_2-768x534.jpeg 768w\" data-sizes=\"(max-width: 600px) 100vw, 600px\" src=\"data:image\/svg+xml;base64,PHN2ZyB3aWR0aD0iMSIgaGVpZ2h0PSIxIiB4bWxucz0iaHR0cDovL3d3dy53My5vcmcvMjAwMC9zdmciPjwvc3ZnPg==\" style=\"--smush-placeholder-width: 600px; --smush-placeholder-aspect-ratio: 600\/417;\" \/><\/span><\/p>\n<p class=\"MsoNormal\">&nbsp;<\/p>\n<p class=\"MsoNormal\">&nbsp;<\/p>\n","protected":false},"excerpt":{"rendered":"<p>\u2022 La Generalitat publica el estudio anual de satisfacci\u00f3n 2020 El Ayuntamiento de Alzira ha recibido los resultados de la encuesta anual elaborada por la Conseller\u00eda de Participaci\u00f3n, Transparencia, Cooperaci\u00f3n y calidad democr\u00e1tica para conocer el nivel de satisfacci\u00f3n del servicio de atenci\u00f3n ciudadana mediante las oficinas Cerca de la Comunidad. En 2020 la oficina &hellip; <\/p>\n<p class=\"link-more\"><a href=\"https:\/\/alzira.es\/es\/l-oficina-prop-d-alzira-destaca-per-l-atencio-i-informacio-oferida\/\" class=\"more-link\">Continuar leyendo<span class=\"screen-reader-text\"> \u00abLa oficina PROP de Alzira destaca por la atenci\u00f3n e informaci\u00f3n ofrecida\u00bb<\/span><\/a><\/p>\n","protected":false},"author":29,"featured_media":53241,"comment_status":"","ping_status":"","sticky":false,"template":"","format":"standard","meta":{"_acf_changed":false,"footnotes":""},"categories":[4936],"tags":[],"class_list":["post-53245","post","type-post","status-publish","format-standard","has-post-thumbnail","hentry","category-hemeroteca-es"],"acf":[],"_links":{"self":[{"href":"https:\/\/alzira.es\/es\/wp-json\/wp\/v2\/posts\/53245","targetHints":{"allow":["GET"]}}],"collection":[{"href":"https:\/\/alzira.es\/es\/wp-json\/wp\/v2\/posts"}],"about":[{"href":"https:\/\/alzira.es\/es\/wp-json\/wp\/v2\/types\/post"}],"author":[{"embeddable":true,"href":"https:\/\/alzira.es\/es\/wp-json\/wp\/v2\/users\/29"}],"replies":[{"embeddable":true,"href":"https:\/\/alzira.es\/es\/wp-json\/wp\/v2\/comments?post=53245"}],"version-history":[{"count":0,"href":"https:\/\/alzira.es\/es\/wp-json\/wp\/v2\/posts\/53245\/revisions"}],"wp:featuredmedia":[{"embeddable":true,"href":"https:\/\/alzira.es\/es\/wp-json\/wp\/v2\/media\/53241"}],"wp:attachment":[{"href":"https:\/\/alzira.es\/es\/wp-json\/wp\/v2\/media?parent=53245"}],"wp:term":[{"taxonomy":"category","embeddable":true,"href":"https:\/\/alzira.es\/es\/wp-json\/wp\/v2\/categories?post=53245"},{"taxonomy":"post_tag","embeddable":true,"href":"https:\/\/alzira.es\/es\/wp-json\/wp\/v2\/tags?post=53245"}],"curies":[{"name":"wp","href":"https:\/\/api.w.org\/{rel}","templated":true}]}}