{"id":53240,"date":"2021-01-14T14:23:34","date_gmt":"2021-01-14T13:23:34","guid":{"rendered":"https:\/\/alzira.es\/alziraescomercio-com-tanca-la-campanya-de-nadal-amb-resultats-molt-positius-respecte-al-creixement-d-usuaris-i-vendes-2\/"},"modified":"2021-01-14T14:23:34","modified_gmt":"2021-01-14T13:23:34","slug":"alziraescomercio-com-tanca-la-campanya-de-nadal-amb-resultats-molt-positius-respecte-al-creixement-d-usuaris-i-vendes-2","status":"publish","type":"post","link":"https:\/\/alzira.es\/es\/alziraescomercio-com-tanca-la-campanya-de-nadal-amb-resultats-molt-positius-respecte-al-creixement-d-usuaris-i-vendes-2\/","title":{"rendered":"Alziraescomercio.com tanca la campanya de Nadal amb resultats molt positius respecte al creixement d\u2019usuaris i vendes"},"content":{"rendered":"<p>La plataforma de comer\u00e7 electr\u00f2nic <strong><a href=\"https:\/\/alziraescomercio.com\/es\/?utm_source=nota-prensa&amp;utm_medium=comunicacio-alzira.es&amp;utm_campaign=14012021\" target=\"_blank\" rel=\"noopener\">www.alziraescomercio.com<\/a><\/strong> tanca la campanya de Nadal amb <strong>vendes superiors als 5.300 euros en els comer\u00e7os alzirenys<\/strong>. Aquest <em><strong>marketplace<\/strong><\/em> impulsat des de l&#8217;Ajuntament d&#8217;Alzira es va posar en marxa el passat 2 de novembre per a refor\u00e7ar la perman\u00e8ncia de les botigues f\u00edsiques mitjan\u00e7ant la venda en l\u00ednia i compta amb grans avantatges per als comer\u00e7os locals i de la comarca i per als consumidors d&#8217;Alzira i les localitats properes.<\/p>\n<p>En la campanya nadalenca, s&#8217;ha observat un especial augment en les vendes de productes d&#8217;alimentaci\u00f3 i begudes, seguit de comandes de frescos com la carn i els embotits. Productes de producci\u00f3 local com ara els dol\u00e7os de reis o productes gourmet tenen una alta demanda.<\/p>\n<p>Pel que fa a les m\u00e8triques relatives a l&#8217;adquisici\u00f3 d&#8217;usuaris, destaca positivament el percentatge d&#8217;usuaris recurrents \u2013aquells usuaris que ja han visitat el web i repetixen\u2013, que arriba al 43.7%, mentre que el nombre d&#8217;usuaris totals supera els 310.000. La plataforma ja compta amb 526 usuaris registrats i les dades demostren que cada mitja hora una mitjana de 15 persones coincidixen al web. Tot un mercat a l&#8217;abast dels consumidors.<\/p>\n<p><em>\u00abEn gaireb\u00e9 dos mesos, s&#8217;ha registrat m\u00e9s de 338 comandes, una fant\u00e0stica acollida d&#8217;este aparador virtual amb qu\u00e8 intentem donar al comer\u00e7 major visibilitat i major accessibilitat, m\u00e9s ara amb les restriccions i dificultats que patim tota la ciutadania en esta \u00e8poca de crisi sanit\u00e0ria\u00bb<\/em> ha assenyalat l&#8217;alcalde d&#8217;Alzira, <strong>Diego G\u00f3mez<\/strong>. A m\u00e9s, afig, <em>\u00abdes de l&#8217;Ajuntament estem impulsant tots els esfor\u00e7os necessaris en mat\u00e8ria de desenvolupament t\u00e8cnic i promoci\u00f3 comercial perqu\u00e8 alziraescomercio.com continue el fant\u00e0stic rumb que ha adquirit des de el seu llan\u00e7ament fa poc m\u00e9s de dos mesos\u00bb<\/em>.<\/p>\n<p><strong>MILLORES CONSTANTS<\/strong><\/p>\n<p>Des que s&#8217;ha obert la plataforma de comer\u00e7 electr\u00f2nic, no s&#8217;ha deixat d&#8217;emprendre esfor\u00e7os en la millora de la plataforma. Fins ara, noves implementacions com la millora de la gesti\u00f3 de l&#8217;stock per a facilitar les operacions de venda als comer\u00e7os, la recerca de comer\u00e7os per categories, l&#8217;opci\u00f3 de comprar des d&#8217;Instagram o la possibilitat de contactar directament amb el comer\u00e7 via <em><strong>Whatsapp<\/strong><\/em>, fan d&#8217;esta plataforma una eina molt profitosa. Des de l&#8217;Ajuntament s&#8217;han dut a terme tots els esfor\u00e7os possibles en la promoci\u00f3 de la plataforma, tant en mitjans de comunicaci\u00f3 com en xarxes i fins i tot, altres administracions com la Comunitat de Madrid, s&#8217;han mostrat interessades en este projecte pensat en local, amb perspectiva global.<\/p>\n<p>A m\u00e9s el passat mes de desembre l&#8217;Ajuntament rebia la comunicaci\u00f3 de la Secretaria d&#8217;Estat de Comer\u00e7 del Ministeri d&#8217;Ind\u00fastria, Comer\u00e7 i Turisme en la qual se&#8217;ns atorgava la menci\u00f3 especial al <em>\u00abConcurs d&#8217;idees Tecnol\u00f2giques per al Comer\u00e7 Minorista\u00bb<\/em>, destinat a promoure el talent i la innovaci\u00f3, a contribuir a generar solucions tecnol\u00f2giques en el comer\u00e7 minorista que servisquen per a dinamitzar i modernitzar el xicotet comer\u00e7.<\/p>\n<p><strong>El repartiment \u00e9s gratu\u00eft a Alzira i en fins a 10 localitats pr\u00f2ximes a la capital de la Ribera<\/strong>, Albalat de la Ribera, La Barraca d&#8217;Aig\u00fces Vives, Benimuslem, Corbera, L&#8217;Alc\u00fadia, Algemes\u00ed, Benicull, Carcaixent i Poliny\u00e0.<\/p>\n<p style=\"text-align: center;\"><img fetchpriority=\"high\" decoding=\"async\" class=\" size-full wp-image-53237\" src=\"https:\/\/alzira.es\/wp-content\/uploads\/2021\/01\/14012021_Alzira_es_comercio.jpeg\" alt=\"14012021 Alzira es comercio\" width=\"1200\" height=\"702\" srcset=\"https:\/\/alzira.es\/wp-content\/uploads\/2021\/01\/14012021_Alzira_es_comercio.jpeg 1600w, https:\/\/alzira.es\/wp-content\/uploads\/2021\/01\/14012021_Alzira_es_comercio-680x398.jpeg 680w, https:\/\/alzira.es\/wp-content\/uploads\/2021\/01\/14012021_Alzira_es_comercio-1430x837.jpeg 1430w, https:\/\/alzira.es\/wp-content\/uploads\/2021\/01\/14012021_Alzira_es_comercio-768x449.jpeg 768w, https:\/\/alzira.es\/wp-content\/uploads\/2021\/01\/14012021_Alzira_es_comercio-1536x899.jpeg 1536w\" sizes=\"(max-width: 706px) 89vw, (max-width: 767px) 82vw, 740px\" \/><\/p>\n","protected":false},"excerpt":{"rendered":"<p>La plataforma de comer\u00e7 electr\u00f2nic www.alziraescomercio.com tanca la campanya de Nadal amb vendes superiors als 5.300 euros en els comer\u00e7os alzirenys. Aquest marketplace impulsat des de l&#8217;Ajuntament d&#8217;Alzira es va posar en marxa el passat 2 de novembre per a refor\u00e7ar la perman\u00e8ncia de les botigues f\u00edsiques mitjan\u00e7ant la venda en l\u00ednia i compta amb &hellip; <\/p>\n<p class=\"link-more\"><a href=\"https:\/\/alzira.es\/es\/alziraescomercio-com-tanca-la-campanya-de-nadal-amb-resultats-molt-positius-respecte-al-creixement-d-usuaris-i-vendes-2\/\" class=\"more-link\">Continuar leyendo<span class=\"screen-reader-text\"> \u00abAlziraescomercio.com tanca la campanya de Nadal amb resultats molt positius respecte al creixement d\u2019usuaris i vendes\u00bb<\/span><\/a><\/p>\n","protected":false},"author":29,"featured_media":53237,"comment_status":"","ping_status":"","sticky":false,"template":"","format":"standard","meta":{"_acf_changed":false,"footnotes":""},"categories":[],"tags":[],"class_list":["post-53240","post","type-post","status-publish","format-standard","has-post-thumbnail","hentry"],"acf":[],"_links":{"self":[{"href":"https:\/\/alzira.es\/es\/wp-json\/wp\/v2\/posts\/53240","targetHints":{"allow":["GET"]}}],"collection":[{"href":"https:\/\/alzira.es\/es\/wp-json\/wp\/v2\/posts"}],"about":[{"href":"https:\/\/alzira.es\/es\/wp-json\/wp\/v2\/types\/post"}],"author":[{"embeddable":true,"href":"https:\/\/alzira.es\/es\/wp-json\/wp\/v2\/users\/29"}],"replies":[{"embeddable":true,"href":"https:\/\/alzira.es\/es\/wp-json\/wp\/v2\/comments?post=53240"}],"version-history":[{"count":0,"href":"https:\/\/alzira.es\/es\/wp-json\/wp\/v2\/posts\/53240\/revisions"}],"wp:featuredmedia":[{"embeddable":true,"href":"https:\/\/alzira.es\/es\/wp-json\/wp\/v2\/media\/53237"}],"wp:attachment":[{"href":"https:\/\/alzira.es\/es\/wp-json\/wp\/v2\/media?parent=53240"}],"wp:term":[{"taxonomy":"category","embeddable":true,"href":"https:\/\/alzira.es\/es\/wp-json\/wp\/v2\/categories?post=53240"},{"taxonomy":"post_tag","embeddable":true,"href":"https:\/\/alzira.es\/es\/wp-json\/wp\/v2\/tags?post=53240"}],"curies":[{"name":"wp","href":"https:\/\/api.w.org\/{rel}","templated":true}]}}