{"id":53239,"date":"2021-01-14T14:23:34","date_gmt":"2021-01-14T13:23:34","guid":{"rendered":"https:\/\/alzira.es\/alziraescomercio-com-tanca-la-campanya-de-nadal-amb-resultats-molt-positius-respecte-al-creixement-d-usuaris-i-vendes\/"},"modified":"2021-01-14T14:23:34","modified_gmt":"2021-01-14T13:23:34","slug":"alziraescomercio-com-tanca-la-campanya-de-nadal-amb-resultats-molt-positius-respecte-al-creixement-d-usuaris-i-vendes","status":"publish","type":"post","link":"https:\/\/alzira.es\/es\/alziraescomercio-com-tanca-la-campanya-de-nadal-amb-resultats-molt-positius-respecte-al-creixement-d-usuaris-i-vendes\/","title":{"rendered":"Alziraescomercio.com cierra la campa\u00f1a de Navidad con resultados muy positivos respecto al crecimiento de usuarios y ventas"},"content":{"rendered":"<p>La plataforma de comercio electr\u00f3nico <strong><a href=\"https:\/\/alziraescomercio.com\/es\/\" target=\"_blank\" rel=\"noopener\">www.alziraescomercio.com<\/a><\/strong>&nbsp;cierra la campa\u00f1a de Navidad con <strong>ventas superiores a los 5.300 euros en los comercios alzire\u00f1os<\/strong>. Este <em><strong>marketplace<\/strong><\/em> impulsado desde el Ayuntamiento de Alzira se puso en marcha el pasado 2 de noviembre para reforzar la permanencia de las tiendas f\u00edsicas mediante la venta en linea y cuenta con grandes ventajas para los comercios locales y de la comarca y para los consumidores de Alzira y las localidades pr\u00f3ximas.<\/p>\n<p>En la campa\u00f1a navide\u00f1a, se ha observado un especial aumento en las ventas de productos de alimentaci\u00f3n y bebidas, seguido de pedidos frescos como la carne y los embutidos. Productos de producci\u00f3n local como por ejemplo los dulces de reyes o productos gourmet tienen una alta demanda.<\/p>\n<p>En cuanto a las m\u00e9tricas relativas a la adquisici\u00f3n de usuarios, destaca positivamente el porcentaje de usuarios recurrentes \u2013aquellos usuarios que ya han visitado el web y repiten\u2013, que llega al 43.7%, mientras que el n\u00famero de usuarios totales supera los 310.000. La plataforma ya cuenta con 526 usuarios registrados y los datos demuestran que cada media hora una media de 15 personas coinciden en el web. Todo un mercado al alcance de los consumidores.<\/p>\n<p><em>\u00abEn casi dos meses, se ha registrado m\u00e1s de 338 pedidos, una fant\u00e1stica acogida de este escaparate virtual con que intentamos dar al comercio mayor visibilidad y mayor accesibilidad, m\u00e1s ahora con las restricciones y dificultades que sufrimos toda la ciudadan\u00eda en esta \u00e9poca de crisis sanitaria\u00bb<\/em> ha se\u00f1alado el alcalde de Alzira, <strong>Diego G\u00f3mez<\/strong>. Adem\u00e1s, a\u00f1ade, <em>\u00abdesde el Ayuntamiento estamos impulsando todos los esfuerzos necesarios en materia de desarrollo t\u00e9cnico y promoci\u00f3n comercial porque alziraescomercio.com contin\u00fao el fant\u00e1stico rumbo que ha adquirido desde su lanzamiento hace poco m\u00e1s de dos meses\u00bb<\/em>.<\/p>\n<p><strong>MEJORAS CONSTANTES<\/strong><\/p>\n<p>Desde que se ha abierto la plataforma de comercio electr\u00f3nico, no se ha dejado de emprender esfuerzos en la mejora de la plataforma. Hasta ahora, nuevas implementaciones como la mejora de la gesti\u00f3n de la stock para facilitar las operaciones de venta a los comercios, la investigaci\u00f3n de comercios por categor\u00edas, la opci\u00f3n de comprar desde Instagram o la posibilidad de contactar directamente con el comercio v\u00eda <em><strong>Whatsapp<\/strong><\/em>, hacen de esta plataforma una herramienta muy provechosa. Desde el Ayuntamiento se han llevado a cabo todos los esfuerzos posibles en la promoci\u00f3n de la plataforma, tanto en medios de comunicaci\u00f3n como en redes e incluso, otras administraciones como la Comunidad de Madrid, se han mostrado interesadas en este proyecto pensado en local, con perspectiva global.<\/p>\n<p>Adem\u00e1s el pasado mes de diciembre el Ayuntamiento recib\u00eda la comunicaci\u00f3n de la Secretar\u00eda de Estado de Comercio del Ministerio de Industria, Comercio y Turismo en la cual se nos otorgaba la menci\u00f3n especial al <em>\u00abConcurso de ideas Tecnol\u00f3gicas para el Comercio Minorista\u00bb<\/em>, destinado a promover el talento y la innovaci\u00f3n, a contribuir a generar soluciones tecnol\u00f3gicas en el comercio minorista que sirvan para dinamizar y modernizar el peque\u00f1o comercio.<\/p>\n<p>El reparto es gratuito en Alzira y en hasta 10 localidades pr\u00f3ximas en la capital de la Ribera, Albalat de la Ribera, La Barraca de Aig\u00fces Vives, Benimuslem, Corbera, L&#8217;Alc\u00fadia, Algemes\u00ed, Benicull, Carcaixent y Poliny\u00e0.<\/p>\n<p style=\"text-align: center;\"><img fetchpriority=\"high\" decoding=\"async\" class=\" size-full wp-image-53237\" src=\"https:\/\/alzira.es\/wp-content\/uploads\/2021\/01\/14012021_Alzira_es_comercio.jpeg\" alt=\"14012021 Alzira es comercio\" width=\"1200\" height=\"702\" srcset=\"https:\/\/alzira.es\/wp-content\/uploads\/2021\/01\/14012021_Alzira_es_comercio.jpeg 1600w, https:\/\/alzira.es\/wp-content\/uploads\/2021\/01\/14012021_Alzira_es_comercio-680x398.jpeg 680w, https:\/\/alzira.es\/wp-content\/uploads\/2021\/01\/14012021_Alzira_es_comercio-1430x837.jpeg 1430w, https:\/\/alzira.es\/wp-content\/uploads\/2021\/01\/14012021_Alzira_es_comercio-768x449.jpeg 768w, https:\/\/alzira.es\/wp-content\/uploads\/2021\/01\/14012021_Alzira_es_comercio-1536x899.jpeg 1536w\" sizes=\"(max-width: 706px) 89vw, (max-width: 767px) 82vw, 740px\" \/><\/p>\n","protected":false},"excerpt":{"rendered":"<p>La plataforma de comercio electr\u00f3nico www.alziraescomercio.com&nbsp;cierra la campa\u00f1a de Navidad con ventas superiores a los 5.300 euros en los comercios alzire\u00f1os. Este marketplace impulsado desde el Ayuntamiento de Alzira se puso en marcha el pasado 2 de noviembre para reforzar la permanencia de las tiendas f\u00edsicas mediante la venta en linea y cuenta con grandes &hellip; <\/p>\n<p class=\"link-more\"><a href=\"https:\/\/alzira.es\/es\/alziraescomercio-com-tanca-la-campanya-de-nadal-amb-resultats-molt-positius-respecte-al-creixement-d-usuaris-i-vendes\/\" class=\"more-link\">Continuar leyendo<span class=\"screen-reader-text\"> \u00abAlziraescomercio.com cierra la campa\u00f1a de Navidad con resultados muy positivos respecto al crecimiento de usuarios y ventas\u00bb<\/span><\/a><\/p>\n","protected":false},"author":29,"featured_media":53237,"comment_status":"","ping_status":"","sticky":false,"template":"","format":"standard","meta":{"_acf_changed":false,"footnotes":""},"categories":[4936],"tags":[],"class_list":["post-53239","post","type-post","status-publish","format-standard","has-post-thumbnail","hentry","category-hemeroteca-es"],"acf":[],"_links":{"self":[{"href":"https:\/\/alzira.es\/es\/wp-json\/wp\/v2\/posts\/53239","targetHints":{"allow":["GET"]}}],"collection":[{"href":"https:\/\/alzira.es\/es\/wp-json\/wp\/v2\/posts"}],"about":[{"href":"https:\/\/alzira.es\/es\/wp-json\/wp\/v2\/types\/post"}],"author":[{"embeddable":true,"href":"https:\/\/alzira.es\/es\/wp-json\/wp\/v2\/users\/29"}],"replies":[{"embeddable":true,"href":"https:\/\/alzira.es\/es\/wp-json\/wp\/v2\/comments?post=53239"}],"version-history":[{"count":0,"href":"https:\/\/alzira.es\/es\/wp-json\/wp\/v2\/posts\/53239\/revisions"}],"wp:featuredmedia":[{"embeddable":true,"href":"https:\/\/alzira.es\/es\/wp-json\/wp\/v2\/media\/53237"}],"wp:attachment":[{"href":"https:\/\/alzira.es\/es\/wp-json\/wp\/v2\/media?parent=53239"}],"wp:term":[{"taxonomy":"category","embeddable":true,"href":"https:\/\/alzira.es\/es\/wp-json\/wp\/v2\/categories?post=53239"},{"taxonomy":"post_tag","embeddable":true,"href":"https:\/\/alzira.es\/es\/wp-json\/wp\/v2\/tags?post=53239"}],"curies":[{"name":"wp","href":"https:\/\/api.w.org\/{rel}","templated":true}]}}