{"id":53229,"date":"2021-01-14T12:33:54","date_gmt":"2021-01-14T11:33:54","guid":{"rendered":"https:\/\/alzira.es\/actualitzacio-de-dades-covid-alzira-frega-els-1200-casos-per-cada-100-000-habitants-2\/"},"modified":"2021-01-14T12:33:54","modified_gmt":"2021-01-14T11:33:54","slug":"actualitzacio-de-dades-covid-alzira-frega-els-1200-casos-per-cada-100-000-habitants-2","status":"publish","type":"post","link":"https:\/\/alzira.es\/es\/actualitzacio-de-dades-covid-alzira-frega-els-1200-casos-per-cada-100-000-habitants-2\/","title":{"rendered":"Alzira frega els 1200 casos per cada 100.000 habitants"},"content":{"rendered":"<h3>Actualitzaci\u00f2 dades Covid<\/h3>\n<p>El Departament de Salut ha convocat hui la reuni\u00f3 setmanal de cada dijous per tal d&#8217;actualitzar les dades dels diferents municipis de la comarca. Com ja es va avan\u00e7ar el passat dilluns en general les xifres mostren una pujada de casos en tots els municipis que, en general, superen els 1000 casos per cada 100.000 habitants. En els \u00faltims 7 dies, en Alzira hem passat de 816 a <strong>1190 casos per cada 100.000 habitants<\/strong>. En total tenim 544 casos actius, en els \u00faltims tres dies 131 positius nous.<\/p>\n<p>L&#8217;alcalde, <strong>Diego G\u00f3mez<\/strong>, i la regidora de Sanitat, <strong>Gemma Al\u00f3s<\/strong>, han assistit a la reuni\u00f3 on han explicat que la situaci\u00f3 \u00e9s complicada a la Ribera. <em>\u00abLes dades que estem rebent es corresponen als contagis de les festes, a excepci\u00f3 de Reis. Ara mateix, segons la Conselleria de Sanitat la transmissi\u00f3 \u00e9s comunit\u00e0ria, no controlada i sostinguda i podria desbordar la capacitat de resposta del nostre sistema sanitari\u00bb<\/em>, ha explicat la regidora de sanitat Gemma Al\u00f3s.<\/p>\n<p><em>\u00abDemanem a tota la ciutadania que extremen les precaucions i que porten a terme un seguiment rigor\u00f3s de les mesures locals i de les que va anunciar la Generalitat el passat 5 de gener.<strong> Cal que es quedem en casa i no eixim si no \u00e9s estrictament necessari<\/strong>\u00ab<\/em> ha explicat G\u00f3mez. A m\u00e9s l&#8217;alcalde ha insistit en l&#8217;opci\u00f3 del confinament parcial per a reduir la incid\u00e8ncia i anar m\u00e9s enll\u00e0 de l&#8217;autoconfinament.<\/p>\n<p>Els representants del diferents municipis han traslladat la necessitat de mantindre una reuni\u00f3 amb la Consellera de Sanitat, Ana Barcel\u00f3, per tal d&#8217;estudiar mesures per a reduir la pressi\u00f3 hospital\u00e0ria.<\/p>\n<p>Cal recordar que el dilluns, despr\u00e9s de con\u00e8ixer un avan\u00e7 de les dades ja es va emetre un ban d&#8217;alcaldia amb mesures locals fins els 31 de gener per tal de frenar la interacci\u00f3 social i reduir el nombre de contagis.<\/p>\n<p><strong>Mesures locals<\/strong><br \/>Amb data 11 de gener, l&#8217;Ajuntament d&#8217;Alzira va emetre un ban amb mesures addicionals que estaran vigents fins el <strong>31 de gener<\/strong>.<\/p>\n<p>\u2022 Tancar els parcs, jardins i zones de joc infantils de la nostra ciutat.<br \/>\u2022 Tancar al p\u00fablic les depend\u00e8ncies municipals. Nom\u00e9s es podr\u00e0 acudir amb cita pr\u00e8via.<br \/>\u2022 Tancar les instal\u00b7lacions esportives municipals. Nom\u00e9s es permet l&#8217;activitat federada<br \/>\u2022 L&#8217;activitat acad\u00e8mica obligat\u00f2ria (escoles, instituts i escola d&#8217;adults), continua amb normalitat.<br \/>\u2022 Ajornar temporalment activitats culturals, d&#8217;oci, espectacles i joventut programades.<br \/>\u2022 La biblioteca municipal nom\u00e9s donar\u00e0 servei de pr\u00e9stec de llibres.<br \/>\u2022 L&#8217;Ajuntament intensificar\u00e0 el control policial per assegurar el compliment d&#8217;estes mesures, vigents fins al 31 de gener. No respectar les mesures pot comportar sanci\u00f3 econ\u00f2mica.<\/p>\n<p><strong>ALTRES MESURES<\/strong><\/p>\n<p>Per la seua banda la Generalitat va anunciar mesures auton\u00f2miques el passat 5 de gener.<br \/>\u2022 A\u00efllament perimetral de la Comunitat Valenciana fins el 31 de gener. Nom\u00e9s s&#8217;autoritzen despla\u00e7aments degudament justificats.<br \/>\u2022 Restricci\u00f3 de la mobilitat nocturna entre les de 22 h i 06 h.<br \/>\u2022 Limitaci\u00f3 a 6 persones en reunions socials i familiars.<br \/>\u2022 En bars i restaurants, taules limitades a 4 persones. Tancament a les 17 h.<br \/>\u2022 Aforament en comer\u00e7os limitat al 30%, en el cas de serveis essencials, limitaci\u00f3 al 50%.<br \/>\u2022 Prohibit fumar en terrasses de locals d&#8217;hostaleria.<br \/>\u2022 Mascareta obligat\u00f2ria i dist\u00e0ncia social.<br \/>\u2022 Llavar-se les mans amb freq\u00fc\u00e8ncia preferentment amb aigua i sab\u00f3 o soluci\u00f3 hidroalcoh\u00f2lica.<br \/>\u2022 Ventilar les estances i desinfectar les superf\u00edcies.<br \/>\u2022 A\u00efllament preventiu en cas que sigues contacte estret d&#8217;un positiu, o si est\u00e0s esperant que et facen la PCR o encara no t&#8217;han donat el resultat. Davant d&#8217;un cas sospit\u00f3s de Covid-19 mantindre la calma i seguir les indicacions del teu Centre de Salut. Per a qualsevol dubte telefona al <strong>900 300 555<\/strong>.<\/p>\n<p><img fetchpriority=\"high\" decoding=\"async\" class=\" size-full wp-image-53226\" style=\"display: block; margin-left: auto; margin-right: auto;\" src=\"https:\/\/alzira.es\/wp-content\/uploads\/2021\/01\/14012021_dades_covid.R.jpeg\" alt=\"14012021 dades covid.R\" width=\"1000\" height=\"750\" srcset=\"https:\/\/alzira.es\/wp-content\/uploads\/2021\/01\/14012021_dades_covid.R.jpeg 1024w, https:\/\/alzira.es\/wp-content\/uploads\/2021\/01\/14012021_dades_covid.R-680x510.jpeg 680w, https:\/\/alzira.es\/wp-content\/uploads\/2021\/01\/14012021_dades_covid.R-768x576.jpeg 768w\" sizes=\"(max-width: 706px) 89vw, (max-width: 767px) 82vw, 740px\" \/><\/p>\n<p>&nbsp;<\/p>\n","protected":false},"excerpt":{"rendered":"<p>Actualitzaci\u00f2 dades Covid El Departament de Salut ha convocat hui la reuni\u00f3 setmanal de cada dijous per tal d&#8217;actualitzar les dades dels diferents municipis de la comarca. Com ja es va avan\u00e7ar el passat dilluns en general les xifres mostren una pujada de casos en tots els municipis que, en general, superen els 1000 casos &hellip; <\/p>\n<p class=\"link-more\"><a href=\"https:\/\/alzira.es\/es\/actualitzacio-de-dades-covid-alzira-frega-els-1200-casos-per-cada-100-000-habitants-2\/\" class=\"more-link\">Continuar leyendo<span class=\"screen-reader-text\"> \u00abAlzira frega els 1200 casos per cada 100.000 habitants\u00bb<\/span><\/a><\/p>\n","protected":false},"author":29,"featured_media":53226,"comment_status":"","ping_status":"","sticky":false,"template":"","format":"standard","meta":{"_acf_changed":false,"footnotes":""},"categories":[],"tags":[],"class_list":["post-53229","post","type-post","status-publish","format-standard","has-post-thumbnail","hentry"],"acf":[],"_links":{"self":[{"href":"https:\/\/alzira.es\/es\/wp-json\/wp\/v2\/posts\/53229","targetHints":{"allow":["GET"]}}],"collection":[{"href":"https:\/\/alzira.es\/es\/wp-json\/wp\/v2\/posts"}],"about":[{"href":"https:\/\/alzira.es\/es\/wp-json\/wp\/v2\/types\/post"}],"author":[{"embeddable":true,"href":"https:\/\/alzira.es\/es\/wp-json\/wp\/v2\/users\/29"}],"replies":[{"embeddable":true,"href":"https:\/\/alzira.es\/es\/wp-json\/wp\/v2\/comments?post=53229"}],"version-history":[{"count":0,"href":"https:\/\/alzira.es\/es\/wp-json\/wp\/v2\/posts\/53229\/revisions"}],"wp:featuredmedia":[{"embeddable":true,"href":"https:\/\/alzira.es\/es\/wp-json\/wp\/v2\/media\/53226"}],"wp:attachment":[{"href":"https:\/\/alzira.es\/es\/wp-json\/wp\/v2\/media?parent=53229"}],"wp:term":[{"taxonomy":"category","embeddable":true,"href":"https:\/\/alzira.es\/es\/wp-json\/wp\/v2\/categories?post=53229"},{"taxonomy":"post_tag","embeddable":true,"href":"https:\/\/alzira.es\/es\/wp-json\/wp\/v2\/tags?post=53229"}],"curies":[{"name":"wp","href":"https:\/\/api.w.org\/{rel}","templated":true}]}}