{"id":53228,"date":"2021-01-14T12:33:54","date_gmt":"2021-01-14T11:33:54","guid":{"rendered":"https:\/\/alzira.es\/actualitzacio-de-dades-covid-alzira-frega-els-1200-casos-per-cada-100-000-habitants\/"},"modified":"2021-01-14T12:33:54","modified_gmt":"2021-01-14T11:33:54","slug":"actualitzacio-de-dades-covid-alzira-frega-els-1200-casos-per-cada-100-000-habitants","status":"publish","type":"post","link":"https:\/\/alzira.es\/es\/actualitzacio-de-dades-covid-alzira-frega-els-1200-casos-per-cada-100-000-habitants\/","title":{"rendered":"Alzira roza los 1200 casos por cada 100.000 habitantes"},"content":{"rendered":"<h3>Actualizaci\u00f3n datos Covid<\/h3>\n<p>El Departamento de Salud ha convocado hoy la reuni\u00f3n semanal de cada jueves para actualizar los datos de los diferentes municipios de la comarca. Como ya se avanz\u00f3 el pasado lunes en general las cifras muestran una subida de casos en todos los municipios que, en general, superan los 1000 casos por cada 100.000 habitantes. En los \u00faltimos 7 d\u00edas, en Alzira hemos pasado de 816 a <strong>1190 casos por cada 100.000 habitantes<\/strong>. En total tenemos 544 casos activos, en los \u00faltimos tres d\u00edas 131 positivos nuevos.<\/p>\n<p>El alcalde, <strong>Diego G\u00f3mez<\/strong>, y la regidora de Sanidad, <strong>Gemma Al\u00f3s<\/strong>, han asistido a la reuni\u00f3n donde han explicado que la situaci\u00f3n es complicada a la Ribera. <em>\u00abLos datos que estamos recibiendo se corresponden a los contagios de las fiestas, a excepci\u00f3n de Reyes. Ahora mismo, seg\u00fan la Conseller\u00eda de Sanidad la transmisi\u00f3n es comunitaria, no controlada y sostenida y podr\u00eda desbordar la capacidad de respuesta de nuestro sistema sanitario\u00bb<\/em>, ha explicado la regidora de sanidad Gemma Al\u00f3s.<\/p>\n<p>\u00abPedimos a toda la ciudadan\u00eda que extremen las precauciones y que lleven a cabo un seguimiento riguroso de las medidas locales y de las que anunci\u00f3 la Generalitat el pasado 5 de enero. <strong>Hace falta que nos quedamos en casa y no salimos si no es estrictamente necesario\u00bb<\/strong> ha explicado G\u00f3mez. Adem\u00e1s el alcalde ha insistido en la opci\u00f3n del confinamiento parcial para reducir la incidencia e ir m\u00e1s all\u00e1 de el autoconfinamento.<\/p>\n<p>Los representantes de los diferentes municipios han trasladado la necesidad de mantener una reuni\u00f3n con la Consejera de Sanidad, Ana Barcel\u00f3, para estudiar medidas para reducir la presi\u00f3n hospitalaria.<\/p>\n<p>Hay que recordar que el lunes, despu\u00e9s de conocer un avance de los datos ya se emiti\u00f3 un bando de alcald\u00eda con medidas locales hasta los 31 de enero para frenar la interacci\u00f3n social y reducir el n\u00famero de contagios.<\/p>\n<p><strong>Medidas locales<\/strong><br \/>Con fecha 11 de enero, el Ayuntamiento de Alzira emiti\u00f3 un bando con medidas adicionales que estar\u00e1n vigentes hasta el <strong>31 de enero.<\/strong><\/p>\n<ul>\n<li>\u2022 Cerrar los parques, jardines y zonas de juego infantiles de nuestra ciudad.<br \/>\u2022 Cerrar al p\u00fablico las dependencias municipales. Solo se podr\u00e1 acudir con cita previa.<br \/>\u2022 Cerrar las instalaciones deportivas municipales. Solo se permite la actividad federada.<br \/>\u2022 La actividad acad\u00e9mica obligatoria (escuelas e institutos), contin\u00faa con normalidad.<br \/>\u2022 Aplazar temporalmente las actividades culturales, de ocio, espect\u00e1culo y juventud programadas.<br \/>\u2022 La biblioteca municipal solo ofrecer\u00e1 servicio de pr\u00e9stamo de libros.<br \/>\u2022 El Ayuntamiento intensificar\u00e1 el control policial para asegurar el cumplimiento de estas medidas, vigentes hasta el 31 de enero. No respetar las medidas puede comportar sanci\u00f3n econ\u00f3mica.<\/li>\n<li><\/li>\n<\/ul>\n<p><strong>OTRAS MEDIDAS<\/strong><\/p>\n<p>Por su parte la Generalitat anunci\u00f3 medidas auton\u00f3micas el pasado 5 de enero.<br \/>\u2022 Aislamiento perimetral de la Comunidad Valenciana hasta el 31 de enero. Solo se autorizan desplazamientos debidamente justificados.<br \/>\u2022 Restricci\u00f3n de la movilidad nocturna entre las de 22 h y 06 h.<br \/>\u2022 Limitaci\u00f3n a 6 personas en reuniones sociales y familiares.<br \/>\u2022 En bares y restaurantes, mesas limitadas a 4 personas. Cierre a las 17 h.<br \/>\u2022 Aforo en comercios limitado al 30%, en el caso de servicios esenciales, limitaci\u00f3n al 50%.<br \/>\u2022 Prohibido fumar en terrazas de locales de hosteler\u00eda.<br \/>\u2022 Mascarilla obligatoria y distancia social.<br \/>\u2022 Lavarse las manos con frecuencia preferentemente con agua y jab\u00f3n o soluci\u00f3n *hidroalcoh\u00f2lica.<br \/>\u2022 Ventilar los aposentos y desinfectar las superficies.<br \/>\u2022 Aislamiento preventivo en caso de que s\u00e9 contacto estrecho de un positivo, o si est\u00e1s esperando que te hagan la PCR o todav\u00eda no te han dado el resultado. Ante un caso sospechoso de Covid-19 mantener la calma y seguir las indicaciones de tu Centro de Salud. Para cualquier duda telefonea al <strong>900 300 555<\/strong>.<\/p>\n<p><img fetchpriority=\"high\" decoding=\"async\" class=\" size-full wp-image-53226\" style=\"display: block; margin-left: auto; margin-right: auto;\" src=\"https:\/\/alzira.es\/wp-content\/uploads\/2021\/01\/14012021_dades_covid.R.jpeg\" alt=\"14012021 dades covid.R\" width=\"1000\" height=\"750\" srcset=\"https:\/\/alzira.es\/wp-content\/uploads\/2021\/01\/14012021_dades_covid.R.jpeg 1024w, https:\/\/alzira.es\/wp-content\/uploads\/2021\/01\/14012021_dades_covid.R-680x510.jpeg 680w, https:\/\/alzira.es\/wp-content\/uploads\/2021\/01\/14012021_dades_covid.R-768x576.jpeg 768w\" sizes=\"(max-width: 706px) 89vw, (max-width: 767px) 82vw, 740px\" \/><\/p>\n<p>&nbsp;<\/p>\n","protected":false},"excerpt":{"rendered":"<p>Actualizaci\u00f3n datos Covid El Departamento de Salud ha convocado hoy la reuni\u00f3n semanal de cada jueves para actualizar los datos de los diferentes municipios de la comarca. Como ya se avanz\u00f3 el pasado lunes en general las cifras muestran una subida de casos en todos los municipios que, en general, superan los 1000 casos por &hellip; <\/p>\n<p class=\"link-more\"><a href=\"https:\/\/alzira.es\/es\/actualitzacio-de-dades-covid-alzira-frega-els-1200-casos-per-cada-100-000-habitants\/\" class=\"more-link\">Continuar leyendo<span class=\"screen-reader-text\"> \u00abAlzira roza los 1200 casos por cada 100.000 habitantes\u00bb<\/span><\/a><\/p>\n","protected":false},"author":29,"featured_media":53226,"comment_status":"","ping_status":"","sticky":false,"template":"","format":"standard","meta":{"_acf_changed":false,"footnotes":""},"categories":[4936],"tags":[],"class_list":["post-53228","post","type-post","status-publish","format-standard","has-post-thumbnail","hentry","category-hemeroteca-es"],"acf":[],"_links":{"self":[{"href":"https:\/\/alzira.es\/es\/wp-json\/wp\/v2\/posts\/53228","targetHints":{"allow":["GET"]}}],"collection":[{"href":"https:\/\/alzira.es\/es\/wp-json\/wp\/v2\/posts"}],"about":[{"href":"https:\/\/alzira.es\/es\/wp-json\/wp\/v2\/types\/post"}],"author":[{"embeddable":true,"href":"https:\/\/alzira.es\/es\/wp-json\/wp\/v2\/users\/29"}],"replies":[{"embeddable":true,"href":"https:\/\/alzira.es\/es\/wp-json\/wp\/v2\/comments?post=53228"}],"version-history":[{"count":0,"href":"https:\/\/alzira.es\/es\/wp-json\/wp\/v2\/posts\/53228\/revisions"}],"wp:featuredmedia":[{"embeddable":true,"href":"https:\/\/alzira.es\/es\/wp-json\/wp\/v2\/media\/53226"}],"wp:attachment":[{"href":"https:\/\/alzira.es\/es\/wp-json\/wp\/v2\/media?parent=53228"}],"wp:term":[{"taxonomy":"category","embeddable":true,"href":"https:\/\/alzira.es\/es\/wp-json\/wp\/v2\/categories?post=53228"},{"taxonomy":"post_tag","embeddable":true,"href":"https:\/\/alzira.es\/es\/wp-json\/wp\/v2\/tags?post=53228"}],"curies":[{"name":"wp","href":"https:\/\/api.w.org\/{rel}","templated":true}]}}