{"id":53213,"date":"2021-01-13T10:50:57","date_gmt":"2021-01-13T09:50:57","guid":{"rendered":"https:\/\/alzira.es\/l-ajuntament-d-alzira-amplia-la-campanya-d-animacio-lectora-als-centres-educatius-de-la-ciutat-2\/"},"modified":"2021-01-13T10:50:57","modified_gmt":"2021-01-13T09:50:57","slug":"l-ajuntament-d-alzira-amplia-la-campanya-d-animacio-lectora-als-centres-educatius-de-la-ciutat-2","status":"publish","type":"post","link":"https:\/\/alzira.es\/es\/l-ajuntament-d-alzira-amplia-la-campanya-d-animacio-lectora-als-centres-educatius-de-la-ciutat-2\/","title":{"rendered":"L\u2019Ajuntament d\u2019Alzira amplia la campanya d\u2019animaci\u00f3 lectora als centres educatius  de la ciutat"},"content":{"rendered":"<p>L&#8217;Ajuntament d&#8217;Alzira mitjan\u00e7ant la Regidoria de Cultura, continua amb la campanya d&#8217;animaci\u00f3 lectora que va encetar el passat mes de novembre, amb la donaci\u00f3 de llibres a tots els centres educatius de la ciutat. Es tracta d&#8217;exemplars de les obres guardonades en diverses modalitats dels Premis Literaris Ciutat d&#8217;Alzira 2019.<\/p>\n<p>A m\u00e9s<span style=\"text-decoration: underline;\">,<\/span><span style=\"text-decoration: underline;\">en esta ocasi\u00f3 tamb\u00e9 s&#8217;ha incl\u00f2s un USB que cont\u00e9 la versi\u00f3 en valenci\u00e0 i en castell\u00e0 del v\u00eddeo promocional Alzira<\/span>: <strong>una ciutat de futur<\/strong>, editat per l&#8217;Ajuntament i <span style=\"text-decoration: underline;\">diversos exemplars del quadernet de l&#8217;Editorial Reclam<\/span>, <strong>Qu\u00e8 \u00e9s aix\u00f2 de l&#8217;emerg\u00e8ncia clim\u00e0tica?<\/strong> de Roger Pons i Pedro Dom\u00ednguez.<\/p>\n<p><em>\u00abAmb esta campanya realitzada des del SERVAL (Servei Alzireny de Promoci\u00f3 i \u00das del Valenci\u00e0) volem fomentar la lectura d&#8217;obres escrites en la nostra llengua i tamb\u00e9 el respecte i cura del medi ambient. A m\u00e9s, afig, donem suport als nostres escriptors i escriptores que, com el professor Bernat Montagut, escriuen en castell\u00e0. Esperem que tots els membres de la comunitat educativa coneguen i valoren l&#8217;aposta que fa l&#8217;Ajuntament d&#8217;Alzira per dotar els centres de materials did\u00e0ctics i publicacions que estan vinculats a la nostra ciutat\u00bb<\/em> ha explicat <strong>Alfred Aranda<\/strong>, regidor de Cultura.<\/p>\n<p>Els llibres, adequats a cada nivell educatiu, es distribuiran als centres de prim\u00e0ria, al centre d&#8217;educaci\u00f3 especial Carmen Pic\u00f3 i a l&#8217;associaci\u00f3 La Nostra Veu el llibre El misteri de la Serra Perduda de Francesc Gisbert. Premi de Narrativa Infantil Vicent Silvestre (2019). Edicions Bromera i el llibre-disc Desfem de Dani Miquel (2019) publicat pel Consorci Ribera i Valldigna.<br \/>D&#8217;altra banda els centres de secund\u00e0ria, batxillerat i CFPA Enric Valor rebran el llibre Coppelius, el creador d&#8217;aut\u00f2mats de Rosa Maria Colom. Premi Fundaci\u00f3 Bancaixa de Narrativa Juvenil (2019). Edicions Bromera i la novel\u00b7la Ossa arida. El papa del mar de Bernat Montagut Piera (2020). Editorial Reclam.<\/p>\n<p><span style=\"text-decoration: underline;\">El tercer lliurament de llibres<\/span>, que forma part d&#8217;esta campanya d&#8217;animaci\u00f3 lectora, <span style=\"text-decoration: underline;\">tindr\u00e0 lloc a partir d&#8217;abril<\/span> i est\u00e0 destinat, principalment, als centres de batxillerat i de persones adultes.<br \/>Esta campanya compta amb la col\u00b7laboraci\u00f3 de la Regidoria d&#8217;Educaci\u00f3 i Inf\u00e0ncia, la Regidoria de Turisme i la Coordinadora de centres en valenci\u00e0 de la Ribera.<\/p>\n<p><img fetchpriority=\"high\" decoding=\"async\" width=\"800\" height=\"600\" class=\" size-full wp-image-53210\" src=\"https:\/\/alzira.es\/wp-content\/uploads\/2021\/01\/animacio_lectora_als_centres_educatius.jpg\" alt=\"animacio lectora als centres educatius\" srcset=\"https:\/\/alzira.es\/wp-content\/uploads\/2021\/01\/animacio_lectora_als_centres_educatius.jpg 800w, https:\/\/alzira.es\/wp-content\/uploads\/2021\/01\/animacio_lectora_als_centres_educatius-680x510.jpg 680w, https:\/\/alzira.es\/wp-content\/uploads\/2021\/01\/animacio_lectora_als_centres_educatius-768x576.jpg 768w\" sizes=\"(max-width: 706px) 89vw, (max-width: 767px) 82vw, 740px\" \/><\/p>\n","protected":false},"excerpt":{"rendered":"<p>L&#8217;Ajuntament d&#8217;Alzira mitjan\u00e7ant la Regidoria de Cultura, continua amb la campanya d&#8217;animaci\u00f3 lectora que va encetar el passat mes de novembre, amb la donaci\u00f3 de llibres a tots els centres educatius de la ciutat. Es tracta d&#8217;exemplars de les obres guardonades en diverses modalitats dels Premis Literaris Ciutat d&#8217;Alzira 2019. A m\u00e9s,en esta ocasi\u00f3 tamb\u00e9 &hellip; <\/p>\n<p class=\"link-more\"><a href=\"https:\/\/alzira.es\/es\/l-ajuntament-d-alzira-amplia-la-campanya-d-animacio-lectora-als-centres-educatius-de-la-ciutat-2\/\" class=\"more-link\">Continuar leyendo<span class=\"screen-reader-text\"> \u00abL\u2019Ajuntament d\u2019Alzira amplia la campanya d\u2019animaci\u00f3 lectora als centres educatius  de la ciutat\u00bb<\/span><\/a><\/p>\n","protected":false},"author":29,"featured_media":53210,"comment_status":"","ping_status":"","sticky":false,"template":"","format":"standard","meta":{"_acf_changed":false,"footnotes":""},"categories":[],"tags":[],"class_list":["post-53213","post","type-post","status-publish","format-standard","has-post-thumbnail","hentry"],"acf":[],"_links":{"self":[{"href":"https:\/\/alzira.es\/es\/wp-json\/wp\/v2\/posts\/53213","targetHints":{"allow":["GET"]}}],"collection":[{"href":"https:\/\/alzira.es\/es\/wp-json\/wp\/v2\/posts"}],"about":[{"href":"https:\/\/alzira.es\/es\/wp-json\/wp\/v2\/types\/post"}],"author":[{"embeddable":true,"href":"https:\/\/alzira.es\/es\/wp-json\/wp\/v2\/users\/29"}],"replies":[{"embeddable":true,"href":"https:\/\/alzira.es\/es\/wp-json\/wp\/v2\/comments?post=53213"}],"version-history":[{"count":0,"href":"https:\/\/alzira.es\/es\/wp-json\/wp\/v2\/posts\/53213\/revisions"}],"wp:featuredmedia":[{"embeddable":true,"href":"https:\/\/alzira.es\/es\/wp-json\/wp\/v2\/media\/53210"}],"wp:attachment":[{"href":"https:\/\/alzira.es\/es\/wp-json\/wp\/v2\/media?parent=53213"}],"wp:term":[{"taxonomy":"category","embeddable":true,"href":"https:\/\/alzira.es\/es\/wp-json\/wp\/v2\/categories?post=53213"},{"taxonomy":"post_tag","embeddable":true,"href":"https:\/\/alzira.es\/es\/wp-json\/wp\/v2\/tags?post=53213"}],"curies":[{"name":"wp","href":"https:\/\/api.w.org\/{rel}","templated":true}]}}