{"id":53212,"date":"2021-01-13T10:50:57","date_gmt":"2021-01-13T09:50:57","guid":{"rendered":"https:\/\/alzira.es\/l-ajuntament-d-alzira-amplia-la-campanya-d-animacio-lectora-als-centres-educatius-de-la-ciutat\/"},"modified":"2021-01-13T10:50:57","modified_gmt":"2021-01-13T09:50:57","slug":"l-ajuntament-d-alzira-amplia-la-campanya-d-animacio-lectora-als-centres-educatius-de-la-ciutat","status":"publish","type":"post","link":"https:\/\/alzira.es\/es\/l-ajuntament-d-alzira-amplia-la-campanya-d-animacio-lectora-als-centres-educatius-de-la-ciutat\/","title":{"rendered":"El Ayuntamiento de Alzira ampl\u00eda la campa\u00f1a de animaci\u00f3n lectora en los centros educativos  de la ciudad"},"content":{"rendered":"<p>El Ayuntamiento de Alzira mediante la Concejal\u00eda de Cultura, contin\u00faa con la campa\u00f1a de animaci\u00f3n lectora que comenz\u00f3 el pasado mes de noviembre, con la donaci\u00f3n de libros en todos los centros educativos de la ciudad. Se trata de ejemplares de las obras galardonadas en varias modalidades de los Premios Literarios Ciudad de Alzira 2019.<\/p>\n<p>Adem\u00e1s, <span style=\"text-decoration: underline;\">en esta ocasi\u00f3n tambi\u00e9n se ha incluido un USB que contiene la versi\u00f3n en valenciano y en castellano del video promocional Alzira<\/span>: <strong>una ciudad de futuro<\/strong>, editado por el Ayuntamiento y <span style=\"text-decoration: underline;\">varios ejemplares del cuadernillo del Editorial Reclam<\/span>, <strong>Qu\u00e9 es esto de la emergencia clim\u00e1tica?<\/strong> de Roger Pons i Pedro Dom\u00ednguez.<\/p>\n<p><em>\u00abCon esta campa\u00f1a realizada desde el SERVAL (Servicio Alzire\u00f1o de Promoci\u00f3n y Uso del Valenciano) queremos fomentar la lectura de obras escritas en nuestra lengua y tambi\u00e9n el respeto y cura del medio ambiente. Adem\u00e1s, a\u00f1ade, apoyamos a nuestros escritores y escritoras que, como el profesor Bernat Montagut, escriben en castellano. Esperamos que todos los miembros de la comunidad educativa conozcan y valoren la apuesta que hace el Ayuntamiento de Alzira para dotar los centros de materiales did\u00e1cticos y publicaciones que est\u00e1n vinculados en nuestra ciudad\u00bb<\/em> ha explicado <strong>Alfred Aranda<\/strong>, regidor de Cultura.<\/p>\n<p>Los libros, adecuados a cada nivel educativo, se distribuir\u00e1n en los centros de primaria, en el centro de educaci\u00f3n especial Carmen Pic\u00f3 y a la asociaci\u00f3n Nuestra Voz el libro El misterio de la Sierra Perdida de Francesc Gisbert. Premio de Narrativa Infantil Vicent Silvestre (2019). Edicions Bromera y el libro-disco Deshacemos de Dani Miquel (2019) publicado por el Consorcio Ribera y Valldigna.<br \/>Por otro lado los centros de secundaria, bachillerato y CFPA Enric Valor recibir\u00e1n el libro Coppelius, el crador d&#8217;aut\u00f2mats&nbsp;de Rosa Maria Colom. Premio Fundaci\u00f3n Bancaja de Narrativa Juvenil (2019). Edicions Bromera y la novela Ossa arida. El papa del mar de Bernat Montagut Piera (2020). Editorial Reclam.<\/p>\n<p><span style=\"text-decoration: underline;\">La tercera entrega de libros<\/span>, que forma parte de esta campa\u00f1a de animaci\u00f3n lectora, <span style=\"text-decoration: underline;\">tendr\u00e1 lugar a partir de abril<\/span> y est\u00e1 destinado, principalmente, en los centros de bachillerato y de personas adultas.<br \/>Esta campa\u00f1a cuenta con la colaboraci\u00f3n de la Concejal\u00eda de Educaci\u00f3n e Infancia, la Concejal\u00eda de Turismo y la Coordinadora de centras en valenciano de la Ribera.<\/p>\n<p><img fetchpriority=\"high\" decoding=\"async\" width=\"800\" height=\"600\" class=\" size-full wp-image-53210\" src=\"https:\/\/alzira.es\/wp-content\/uploads\/2021\/01\/animacio_lectora_als_centres_educatius.jpg\" alt=\"animacio lectora als centres educatius\" srcset=\"https:\/\/alzira.es\/wp-content\/uploads\/2021\/01\/animacio_lectora_als_centres_educatius.jpg 800w, https:\/\/alzira.es\/wp-content\/uploads\/2021\/01\/animacio_lectora_als_centres_educatius-680x510.jpg 680w, https:\/\/alzira.es\/wp-content\/uploads\/2021\/01\/animacio_lectora_als_centres_educatius-768x576.jpg 768w\" sizes=\"(max-width: 706px) 89vw, (max-width: 767px) 82vw, 740px\" \/><\/p>\n","protected":false},"excerpt":{"rendered":"<p>El Ayuntamiento de Alzira mediante la Concejal\u00eda de Cultura, contin\u00faa con la campa\u00f1a de animaci\u00f3n lectora que comenz\u00f3 el pasado mes de noviembre, con la donaci\u00f3n de libros en todos los centros educativos de la ciudad. Se trata de ejemplares de las obras galardonadas en varias modalidades de los Premios Literarios Ciudad de Alzira 2019. &hellip; <\/p>\n<p class=\"link-more\"><a href=\"https:\/\/alzira.es\/es\/l-ajuntament-d-alzira-amplia-la-campanya-d-animacio-lectora-als-centres-educatius-de-la-ciutat\/\" class=\"more-link\">Continuar leyendo<span class=\"screen-reader-text\"> \u00abEl Ayuntamiento de Alzira ampl\u00eda la campa\u00f1a de animaci\u00f3n lectora en los centros educativos  de la ciudad\u00bb<\/span><\/a><\/p>\n","protected":false},"author":29,"featured_media":53210,"comment_status":"","ping_status":"","sticky":false,"template":"","format":"standard","meta":{"_acf_changed":false,"footnotes":""},"categories":[4936],"tags":[],"class_list":["post-53212","post","type-post","status-publish","format-standard","has-post-thumbnail","hentry","category-hemeroteca-es"],"acf":[],"_links":{"self":[{"href":"https:\/\/alzira.es\/es\/wp-json\/wp\/v2\/posts\/53212","targetHints":{"allow":["GET"]}}],"collection":[{"href":"https:\/\/alzira.es\/es\/wp-json\/wp\/v2\/posts"}],"about":[{"href":"https:\/\/alzira.es\/es\/wp-json\/wp\/v2\/types\/post"}],"author":[{"embeddable":true,"href":"https:\/\/alzira.es\/es\/wp-json\/wp\/v2\/users\/29"}],"replies":[{"embeddable":true,"href":"https:\/\/alzira.es\/es\/wp-json\/wp\/v2\/comments?post=53212"}],"version-history":[{"count":0,"href":"https:\/\/alzira.es\/es\/wp-json\/wp\/v2\/posts\/53212\/revisions"}],"wp:featuredmedia":[{"embeddable":true,"href":"https:\/\/alzira.es\/es\/wp-json\/wp\/v2\/media\/53210"}],"wp:attachment":[{"href":"https:\/\/alzira.es\/es\/wp-json\/wp\/v2\/media?parent=53212"}],"wp:term":[{"taxonomy":"category","embeddable":true,"href":"https:\/\/alzira.es\/es\/wp-json\/wp\/v2\/categories?post=53212"},{"taxonomy":"post_tag","embeddable":true,"href":"https:\/\/alzira.es\/es\/wp-json\/wp\/v2\/tags?post=53212"}],"curies":[{"name":"wp","href":"https:\/\/api.w.org\/{rel}","templated":true}]}}