{"id":53207,"date":"2021-01-12T12:45:03","date_gmt":"2021-01-12T11:45:03","guid":{"rendered":"https:\/\/alzira.es\/alzira-rep-segon-any-consecutiu-un-reconeixement-estatal-a-l-excel-lencia-en-serveis-socials\/"},"modified":"2021-01-12T12:45:03","modified_gmt":"2021-01-12T11:45:03","slug":"alzira-rep-segon-any-consecutiu-un-reconeixement-estatal-a-l-excel-lencia-en-serveis-socials","status":"publish","type":"post","link":"https:\/\/alzira.es\/es\/alzira-rep-segon-any-consecutiu-un-reconeixement-estatal-a-l-excel-lencia-en-serveis-socials\/","title":{"rendered":"Alzira recibe segundo a\u00f1o consecutivo un reconocimiento estatal a la excelencia en Servicios Sociales"},"content":{"rendered":"<p>Tambi\u00e9n se ha otorgado un premio europeo por el proceso participativo de la Ley de Servicios Sociales<\/p>\n<p>La concejal\u00eda de Servicios sociales del Ayuntamiento de Alzira revalida el reconocimiento estatal a la excelencia por el esfuerzo presupuestario al elevar la inversi\u00f3n social. el pasado a\u00f1o ya recibi\u00f3 este distintivo a las Jornadas DEBO celebradas a Madrid.<\/p>\n<p>La Asociaci\u00f3n Estatal de Directores y Gerentes de Servicios Sociales ha realizado, un a\u00f1o m\u00e1s, un an\u00e1lisis detallado de los presupuestos que los Ayuntamientos de m\u00e1s de 20.000 habitantes dedican a \u00abServicios Sociales y Promoci\u00f3n Social\u00bb de acuerdo con los datos del presupuesto 2019 publicado por el Ministerio de Hacienda y Administraciones P\u00fablicas en el portal de la Oficina Virtual para la Coordinaci\u00f3n Financiera con las Entidades Locales.<\/p>\n<p>Alzira es uno de los 34 ayuntamientos a escala estatal que cumplen los 3 criterios de excelencia, se hace un reconocimiento a los ayuntamientos que tienen una inversi\u00f3n social superior a los 100\u20ac por habitante, el esfuerzo presupuestario realizado es superior al el gasto social del pasado presupuesto y que el gasto social de 2019, supero el 10% del presupuesto general no financiero.<\/p>\n<p><em>\u00abSeguimos trabajando para aumentar la inversi\u00f3n guardes sociales y apostamos para continuar en esta l\u00ednea para elevar la inversi\u00f3n social en nuestro pa\u00eds y por vocaci\u00f3n de atender a los alzire\u00f1os y alzire\u00f1as desde unos servicios sociales dignos y de calidad\u00bb<\/em> ha explicado la regidora, <strong>Marina Mir<\/strong>.<\/p>\n<p>Este a\u00f1o las jornadas sobre lo DEBO Local en las cuales se otorgan estos reconocimientos no se han celebrado, y solo se ha llevado a cabo la comunicaci\u00f3n de los resultados de este estudio. El estudio est\u00e1 elaborado con datos de 384 ayuntamientos de m\u00e1s de 20.000 habitantes (de los 421 que hay en Espa\u00f1a) la inversi\u00f3n social global de los cuales ascendi\u00f3 a 3.157 millones, un 10% m\u00e1s que en el ejercicio anterior.<\/p>\n<p><strong>European Social Services Awards 2020 convocados por la European Social Network<\/strong>.<\/p>\n<p>Por otro lado, tanto desde la Vicepresidencia y Conseller\u00eda de Igualdad y Pol\u00edticas Inclusivas como desde la Universitat de Val\u00e8ncia se ha hecho llegar al Ayuntamiento el agradecimiento por su colaboraci\u00f3n y participaci\u00f3n en el proyecto sobre el proceso participativo de la Ley y de los Laboratorios de Servicios Sociales de la Comunidad Valenciana, proyecto que ha recibido un premio en los European Social Services Awards 2020 convocados por la European Social Network.<\/p>\n<p>Este galard\u00f3n representa una distinci\u00f3n a buenas pr\u00e1cticas en servicios sociales as\u00ed como al fortalecimiento de las sinergias entre praxis, pol\u00edtica e investigaci\u00f3n al objeto de mejorar la vida de las personas y de las comunidades. Un premio que reconoce el esfuerzo del conjunto de personas profesionales de los servicios sociales, de los ayuntamientos, mancomunidades y diputaciones, colegios y asociaciones profesionales, entidades del tercer sector de acci\u00f3n social, entidades empresariales, sindicatos y universidades p\u00fablicas valencianas, entre otros. Todas ellas hacen posible, d\u00eda a d\u00eda, la garant\u00eda y sostenibilidad del Sistema P\u00fablico Valenciano de Servicios Sociales, cuarto pilar del Estado del Bienestar.<\/p>\n<p><img fetchpriority=\"high\" decoding=\"async\" class=\" size-full wp-image-53205\" style=\"margin-right: auto; margin-left: auto; display: block;\" src=\"https:\/\/alzira.es\/wp-content\/uploads\/2021\/01\/excelencia.jpg\" alt=\"excelencia\" width=\"500\" height=\"357\" \/><\/p>\n<p style=\"text-align: center;\">&nbsp;<\/p>\n","protected":false},"excerpt":{"rendered":"<p>Tambi\u00e9n se ha otorgado un premio europeo por el proceso participativo de la Ley de Servicios Sociales La concejal\u00eda de Servicios sociales del Ayuntamiento de Alzira revalida el reconocimiento estatal a la excelencia por el esfuerzo presupuestario al elevar la inversi\u00f3n social. el pasado a\u00f1o ya recibi\u00f3 este distintivo a las Jornadas DEBO celebradas a &hellip; <\/p>\n<p class=\"link-more\"><a href=\"https:\/\/alzira.es\/es\/alzira-rep-segon-any-consecutiu-un-reconeixement-estatal-a-l-excel-lencia-en-serveis-socials\/\" class=\"more-link\">Continuar leyendo<span class=\"screen-reader-text\"> \u00abAlzira recibe segundo a\u00f1o consecutivo un reconocimiento estatal a la excelencia en Servicios Sociales\u00bb<\/span><\/a><\/p>\n","protected":false},"author":36,"featured_media":53205,"comment_status":"","ping_status":"","sticky":false,"template":"","format":"standard","meta":{"_acf_changed":false,"footnotes":""},"categories":[4936],"tags":[],"class_list":["post-53207","post","type-post","status-publish","format-standard","has-post-thumbnail","hentry","category-hemeroteca-es"],"acf":[],"_links":{"self":[{"href":"https:\/\/alzira.es\/es\/wp-json\/wp\/v2\/posts\/53207","targetHints":{"allow":["GET"]}}],"collection":[{"href":"https:\/\/alzira.es\/es\/wp-json\/wp\/v2\/posts"}],"about":[{"href":"https:\/\/alzira.es\/es\/wp-json\/wp\/v2\/types\/post"}],"author":[{"embeddable":true,"href":"https:\/\/alzira.es\/es\/wp-json\/wp\/v2\/users\/36"}],"replies":[{"embeddable":true,"href":"https:\/\/alzira.es\/es\/wp-json\/wp\/v2\/comments?post=53207"}],"version-history":[{"count":0,"href":"https:\/\/alzira.es\/es\/wp-json\/wp\/v2\/posts\/53207\/revisions"}],"wp:featuredmedia":[{"embeddable":true,"href":"https:\/\/alzira.es\/es\/wp-json\/wp\/v2\/media\/53205"}],"wp:attachment":[{"href":"https:\/\/alzira.es\/es\/wp-json\/wp\/v2\/media?parent=53207"}],"wp:term":[{"taxonomy":"category","embeddable":true,"href":"https:\/\/alzira.es\/es\/wp-json\/wp\/v2\/categories?post=53207"},{"taxonomy":"post_tag","embeddable":true,"href":"https:\/\/alzira.es\/es\/wp-json\/wp\/v2\/tags?post=53207"}],"curies":[{"name":"wp","href":"https:\/\/api.w.org\/{rel}","templated":true}]}}