{"id":53201,"date":"2021-01-11T19:20:45","date_gmt":"2021-01-11T18:20:45","guid":{"rendered":"https:\/\/alzira.es\/actualitzacio-dades-covid-2\/"},"modified":"2021-01-11T19:20:45","modified_gmt":"2021-01-11T18:20:45","slug":"actualitzacio-dades-covid-2","status":"publish","type":"post","link":"https:\/\/alzira.es\/es\/actualitzacio-dades-covid-2\/","title":{"rendered":"Actualitzaci\u00f3 dades COVID. Noves Mesures."},"content":{"rendered":"<p>Despr\u00e9s del comunicat de noves dades per part de Salut P\u00fablica, l&#8217;equip de govern municipal s&#8217;ha reunit i ha decidit donar noves mesures restrictives a la nostra ciutat. Per aix\u00f2 s&#8217;emet un nou ban d&#8217;alcaldia:<\/p>\n<h3>BAN: L&#8217;ALCALDE FA SABER<\/h3>\n<p>En les \u00faltimes setmanes hem assistit a la proliferaci\u00f3 de casos de COVID 19 en la comarca de la Ribera. Les dades aportades per Salut P\u00fablica indiquen que a 10 de gener, hem passat de 816 a <strong>1166 casos per cada 100.000 habitants<\/strong>. Nom\u00e9s en els \u00faltims tres dies hi ha 128 nous positius. Tenim 533 casos actius a Alzira, la major xifra des de l&#8217;inici de la pand\u00e8mia. La nostra \u00e0rea de salut compr\u00e9n 29 municipis, dels quals vora el 70% es troba per damunt de 1000 casos per cada 100.000 habitants, <strong>la transmissi\u00f3 \u00e9s comunit\u00e0ria, no controlada i sostinguda i podria excedir la capacitat de resposta del nostre sistema sanitari<\/strong>. L&#8217;Ajuntament d&#8217;Alzira, seguint les recomanacions de les autoritats sanit\u00e0ries, ha adoptat una s\u00e8rie de <strong>mesures<\/strong>, que estaran vigents fins el 31 de gener.<\/p>\n<ul style=\"list-style-type: circle;\">\n<li>Tancar els parcs, jardins i zones de joc infantils de la nostra ciutat.<\/li>\n<li>Tancar al p\u00fablic les depend\u00e8ncies municipals. Nom\u00e9s es podr\u00e0 acudir amb cita pr\u00e8via.<\/li>\n<li>Tancar les instal\u2022lacions esportives municipals. Nom\u00e9s es permet l&#8217;activitat federada.<\/li>\n<li>L&#8217;activitat acad\u00e8mica (escoles, instituts i EPA), continua amb normalitat.<\/li>\n<li>Suspendre temporalment activitats culturals, d&#8217;oci espectacles i joventut programades.<\/li>\n<li>La biblioteca municipal nom\u00e9s donar\u00e0 servei de pr\u00e9stec de llibres.<\/li>\n<li>L&#8217;Ajuntament intensificar\u00e0 el control policial per assegurar el compliment d&#8217;estes mesures, vigents fins al 31 de gener. No respectar les mesures pot comportar sanci\u00f3 econ\u00f2mica.<\/li>\n<\/ul>\n<p>&nbsp;<\/p>\n<p><strong>ALTRES MESURES VIGENTS EN LA COMUNITAT VALENCIANA<\/strong><\/p>\n<ul style=\"list-style-type: circle;\">\n<li>A\u00efllament perimetral de la Comunitat Valenciana fins el 31 de gener. Nom\u00e9s s&#8217;autoritzen despla\u00e7aments degudament justificats.<\/li>\n<li>Restricci\u00f3 de la mobilitat nocturna entre les de 22 h i 06 h.<\/li>\n<li>Limitaci\u00f3 a 6 persones en reunions socials i familiars.<\/li>\n<li>En bars i restaurants, taules limitades a 4 persones. Tancament a les 17 h.<\/li>\n<li>Aforament en comer\u00e7os limitat al 30%, en el cas de serveis essencials, limitaci\u00f3 al 50%.<\/li>\n<li>Prohibit fumar en terrasses de locals d&#8217;hostaleria.<\/li>\n<li>Mascareta obligat\u00f2ria i dist\u00e0ncia social.<\/li>\n<li>Llavar-se les mans amb freq\u00fc\u00e8ncia preferentment amb aigua i sab\u00f3 o soluci\u00f3 hidroalcoh\u00f2lica.<\/li>\n<li>Ventilar les estances i desinfectar les superf\u00edcies.<\/li>\n<li>A\u00efllament preventiu en cas que sigues contacte estret d&#8217;un positiu, o si est\u00e0s esperant que et facen la PCR o encara no t&#8217;han donat el resultat. Davant d&#8217;un cas sospit\u00f3s de Covid-19 mantindre la calma i seguir les indicacions del teu Centre de Salut. Per a qualsevol dubte telefona al <strong>900 300 555<\/strong>.<\/li>\n<\/ul>\n<p>Demane a la ciutadania que actue amb precauci\u00f3 i responsabilitat, seguint les mesures indicades. Cal que ens quedem en casa i no eixim si no \u00e9s estrictament necessari. \u00c9s fonamental la col\u2022laboraci\u00f3 de tots i totes, perqu\u00e8 nom\u00e9s junts podrem aconseguir-ho.<\/p>\n<p style=\"text-align: center;\"><img fetchpriority=\"high\" decoding=\"async\" class=\" size-full wp-image-53198\" src=\"https:\/\/alzira.es\/wp-content\/uploads\/2021\/01\/ban_covid_11_gener.jpg\" alt=\"ban covid 11 gener\" width=\"500\" height=\"707\" srcset=\"https:\/\/alzira.es\/wp-content\/uploads\/2021\/01\/ban_covid_11_gener.jpg 982w, https:\/\/alzira.es\/wp-content\/uploads\/2021\/01\/ban_covid_11_gener-680x962.jpg 680w, https:\/\/alzira.es\/wp-content\/uploads\/2021\/01\/ban_covid_11_gener-758x1072.jpg 758w, https:\/\/alzira.es\/wp-content\/uploads\/2021\/01\/ban_covid_11_gener-768x1086.jpg 768w\" sizes=\"(max-width: 500px) 100vw, 500px\" \/><\/p>\n","protected":false},"excerpt":{"rendered":"<p>Despr\u00e9s del comunicat de noves dades per part de Salut P\u00fablica, l&#8217;equip de govern municipal s&#8217;ha reunit i ha decidit donar noves mesures restrictives a la nostra ciutat. Per aix\u00f2 s&#8217;emet un nou ban d&#8217;alcaldia: BAN: L&#8217;ALCALDE FA SABER En les \u00faltimes setmanes hem assistit a la proliferaci\u00f3 de casos de COVID 19 en la &hellip; <\/p>\n<p class=\"link-more\"><a href=\"https:\/\/alzira.es\/es\/actualitzacio-dades-covid-2\/\" class=\"more-link\">Continuar leyendo<span class=\"screen-reader-text\"> \u00abActualitzaci\u00f3 dades COVID. Noves Mesures.\u00bb<\/span><\/a><\/p>\n","protected":false},"author":36,"featured_media":53198,"comment_status":"","ping_status":"","sticky":false,"template":"","format":"standard","meta":{"_acf_changed":false,"footnotes":""},"categories":[],"tags":[],"class_list":["post-53201","post","type-post","status-publish","format-standard","has-post-thumbnail","hentry"],"acf":[],"_links":{"self":[{"href":"https:\/\/alzira.es\/es\/wp-json\/wp\/v2\/posts\/53201","targetHints":{"allow":["GET"]}}],"collection":[{"href":"https:\/\/alzira.es\/es\/wp-json\/wp\/v2\/posts"}],"about":[{"href":"https:\/\/alzira.es\/es\/wp-json\/wp\/v2\/types\/post"}],"author":[{"embeddable":true,"href":"https:\/\/alzira.es\/es\/wp-json\/wp\/v2\/users\/36"}],"replies":[{"embeddable":true,"href":"https:\/\/alzira.es\/es\/wp-json\/wp\/v2\/comments?post=53201"}],"version-history":[{"count":0,"href":"https:\/\/alzira.es\/es\/wp-json\/wp\/v2\/posts\/53201\/revisions"}],"wp:featuredmedia":[{"embeddable":true,"href":"https:\/\/alzira.es\/es\/wp-json\/wp\/v2\/media\/53198"}],"wp:attachment":[{"href":"https:\/\/alzira.es\/es\/wp-json\/wp\/v2\/media?parent=53201"}],"wp:term":[{"taxonomy":"category","embeddable":true,"href":"https:\/\/alzira.es\/es\/wp-json\/wp\/v2\/categories?post=53201"},{"taxonomy":"post_tag","embeddable":true,"href":"https:\/\/alzira.es\/es\/wp-json\/wp\/v2\/tags?post=53201"}],"curies":[{"name":"wp","href":"https:\/\/api.w.org\/{rel}","templated":true}]}}