{"id":53196,"date":"2021-01-07T13:20:10","date_gmt":"2021-01-07T12:20:10","guid":{"rendered":"https:\/\/alzira.es\/situacio-meteorologica-per-l-episodi-de-fred-i-pluges\/"},"modified":"2021-01-07T13:20:10","modified_gmt":"2021-01-07T12:20:10","slug":"situacio-meteorologica-per-l-episodi-de-fred-i-pluges","status":"publish","type":"post","link":"https:\/\/alzira.es\/es\/situacio-meteorologica-per-l-episodi-de-fred-i-pluges\/","title":{"rendered":"Situaci\u00f3n meteorol\u00f3gica por el episodio de fr\u00edo y lluvias"},"content":{"rendered":"<p>La situaci\u00f3n meteorol\u00f3gica actual que afecta toda la Comunidad Valenciana contin\u00faa siendo adversa y se espera que empeore en las pr\u00f3ximas horas. Actualmente, llueve de manera d\u00e9bil en la mitad sur de la Comunidad y la lluvia est\u00e1 siendo en forma de nieve por encima de los 700m (por debajo de esta cota no nieva).<br \/>De momento la nieve no est\u00e1 dando ning\u00fan problema por nuestro territorio.<\/p>\n<p><strong>PREVISI\u00d3N.<\/strong><\/p>\n<p>Estas son las cotas de nieve previstas para estos d\u00edas de temporal:<br \/>&#8211; Alicante: 800-1000m (ya est\u00e1 subiendo, dif\u00edcil que cuaje por debajo de los 800)<br \/>&#8211; Val\u00e8ncia: 700-800m<br \/>&#8211; Castell\u00f3: 600-700m<\/p>\n<p>Hoy a lo largo de la jornada ir\u00e1 desplaz\u00e1ndose esta nieve hacia el norte de la comunidad y afectar\u00e1 el interior de Castell\u00f3. Como que la previsi\u00f3n es que vaya acumul\u00e1ndose la nieve durante estos d\u00edas hasta s\u00e1bado 9 (cuando la cota ir\u00e1 subiendo ya progresivamente), los problemas quedan garantizados. Hay que extremar las precauciones.<\/p>\n<p>Atentos porque entre la tarde-noche de este s\u00e1bado y la ma\u00f1ana del domingo podr\u00edan aparecer algunas precipitaciones localmente fuertes por el litoral castellonense.<\/p>\n<p><img fetchpriority=\"high\" decoding=\"async\" width=\"1000\" height=\"667\" class=\" size-full wp-image-53194\" src=\"https:\/\/alzira.es\/wp-content\/uploads\/2021\/01\/baixes-temperatures.jpg\" alt=\"baixes-temperatures\" srcset=\"https:\/\/alzira.es\/wp-content\/uploads\/2021\/01\/baixes-temperatures.jpg 1000w, https:\/\/alzira.es\/wp-content\/uploads\/2021\/01\/baixes-temperatures-680x454.jpg 680w, https:\/\/alzira.es\/wp-content\/uploads\/2021\/01\/baixes-temperatures-768x512.jpg 768w, https:\/\/alzira.es\/wp-content\/uploads\/2021\/01\/baixes-temperatures-391x260.jpg 391w\" sizes=\"(max-width: 706px) 89vw, (max-width: 767px) 82vw, 740px\" \/><\/p>\n","protected":false},"excerpt":{"rendered":"<p>La situaci\u00f3n meteorol\u00f3gica actual que afecta toda la Comunidad Valenciana contin\u00faa siendo adversa y se espera que empeore en las pr\u00f3ximas horas. Actualmente, llueve de manera d\u00e9bil en la mitad sur de la Comunidad y la lluvia est\u00e1 siendo en forma de nieve por encima de los 700m (por debajo de esta cota no nieva).De &hellip; <\/p>\n<p class=\"link-more\"><a href=\"https:\/\/alzira.es\/es\/situacio-meteorologica-per-l-episodi-de-fred-i-pluges\/\" class=\"more-link\">Continuar leyendo<span class=\"screen-reader-text\"> \u00abSituaci\u00f3n meteorol\u00f3gica por el episodio de fr\u00edo y lluvias\u00bb<\/span><\/a><\/p>\n","protected":false},"author":29,"featured_media":53194,"comment_status":"","ping_status":"","sticky":false,"template":"","format":"standard","meta":{"_acf_changed":false,"footnotes":""},"categories":[4936],"tags":[],"class_list":["post-53196","post","type-post","status-publish","format-standard","has-post-thumbnail","hentry","category-hemeroteca-es"],"acf":[],"_links":{"self":[{"href":"https:\/\/alzira.es\/es\/wp-json\/wp\/v2\/posts\/53196","targetHints":{"allow":["GET"]}}],"collection":[{"href":"https:\/\/alzira.es\/es\/wp-json\/wp\/v2\/posts"}],"about":[{"href":"https:\/\/alzira.es\/es\/wp-json\/wp\/v2\/types\/post"}],"author":[{"embeddable":true,"href":"https:\/\/alzira.es\/es\/wp-json\/wp\/v2\/users\/29"}],"replies":[{"embeddable":true,"href":"https:\/\/alzira.es\/es\/wp-json\/wp\/v2\/comments?post=53196"}],"version-history":[{"count":0,"href":"https:\/\/alzira.es\/es\/wp-json\/wp\/v2\/posts\/53196\/revisions"}],"wp:featuredmedia":[{"embeddable":true,"href":"https:\/\/alzira.es\/es\/wp-json\/wp\/v2\/media\/53194"}],"wp:attachment":[{"href":"https:\/\/alzira.es\/es\/wp-json\/wp\/v2\/media?parent=53196"}],"wp:term":[{"taxonomy":"category","embeddable":true,"href":"https:\/\/alzira.es\/es\/wp-json\/wp\/v2\/categories?post=53196"},{"taxonomy":"post_tag","embeddable":true,"href":"https:\/\/alzira.es\/es\/wp-json\/wp\/v2\/tags?post=53196"}],"curies":[{"name":"wp","href":"https:\/\/api.w.org\/{rel}","templated":true}]}}