{"id":53193,"date":"2021-01-07T13:27:10","date_gmt":"2021-01-07T12:27:10","guid":{"rendered":"https:\/\/alzira.es\/incidencia-covid-alzira-gener-setmana-01-2\/"},"modified":"2021-01-07T13:27:10","modified_gmt":"2021-01-07T12:27:10","slug":"incidencia-covid-alzira-gener-setmana-01-2","status":"publish","type":"post","link":"https:\/\/alzira.es\/es\/incidencia-covid-alzira-gener-setmana-01-2\/","title":{"rendered":"Actualitzaci\u00f3 de dades COVID. La incid\u00e8ncia en Alzira arriba als 816 casos per 100.000 habitants"},"content":{"rendered":"<p>El Departament de Salut ha recuperat la reuni\u00f3 setmanal de cada dijous una vegada han passat les festes de Nadal. En l&#8217;actualitzaci\u00f3 telem\u00e0tica de les dades de casos positius a Alzira les xifres mostren una pujada en tots els municipis de la comarca baixada de casos, <strong>hem passat de 330 a 816 casos per cada 100.000 habitants<\/strong>. En total tenim 373 casos actius, en els \u00faltims tres dies, 128 casos nous.<\/p>\n<p>L&#8217;alcalde,<strong> Diego G\u00f3mez<\/strong>, i la regidora de Sanitat,<strong> Gemma Al\u00f3s<\/strong>, han assistit a la reuni\u00f3 on han explicat que la situaci\u00f3 \u00e9s complicada a tota la comarca.<em> \u00abLes reunions socials dels \u00faltims dies ens han passat factura i ara mateix patim una situaci\u00f3 que s&#8217;ha agreujat notablement des de la passada setmana. Demanem a tota la ciutadania que extremen les precaucions i que porten a terme un seguiment rigor\u00f3s de les mesures que va anunciar la Generalitat el passat dimarts\u00bb<\/em> ha explicat l&#8217;alcalde.<\/p>\n<p>Cal recordar que el dimarts 5 de gener el president de la Generalitat <strong>Ximo Puig<\/strong> i la consellera de Sanitat, <strong>Ana Barcel\u00f3<\/strong>, van compar\u00e9ixer per a explicar les mesures de prevenci\u00f3 i actuaci\u00f3 davant la #COVID19 despr\u00e9s de la reuni\u00f3 amb la Mesa Interdepartamental.<\/p>\n<p><strong>Les restriccions van entrar en vigor hui a les 00 hores i s&#8217;allargaran fins al 31 de gener.<\/strong><br \/>1- Es prolonga el tancament perimetral de tota la Comunitat Valenciana fins al pr\u00f2xim 31 de gener.<br \/>2- S&#8217;avan\u00e7a el toc de queda a les 22.00 hores.<br \/>3- El tancament de l&#8217;hostaleria de tota la Comunitat Valenciana s&#8217;avan\u00e7a a les 17 hores.<br \/>4- Prohibit fumar a les terrasses dels restaurants i bars i les taules podran tindre un m\u00e0xim de 4 persones.<br \/>5- Es redueix al 30% els aforaments dels comer\u00e7os.<br \/>6- Continua el m\u00e0xim de 6 persones en les reunions socials i familiars.<br \/>7- Es tanquen perimetralment aquells municipis amb les incid\u00e8ncies m\u00e9s cr\u00edtiques. En total afecta 26 municipis de la Comunitat Valenciana.<\/p>\n<p><strong>Vacunaci\u00f3 en Alzira<\/strong><\/p>\n<p>Pel que fa al proc\u00e9s de vacunaci\u00f3 que ja est\u00e0 realitzant-se a Alzira, la regidora de Sanitat, <strong>Gemma Al\u00f2s<\/strong> afig que <em>\u00abse seguixen els protocols i procediments previstos, primerament en les resid\u00e8ncies de majors i personal sanitari de la zona de salut. Tot i que ja comptem amb la vacuna, demane a la ciutadania que actue amb precauci\u00f3 i responsabilitat seguint les mesures indicades i recomane reduir la mobilitat a l&#8217;estrictament necessari. La millor vacuna continua sent quedar-se en casa\u00bb<\/em>.<\/p>\n<p>Pots consultar la resoluci\u00f3 completa <span style=\"text-decoration: underline;\"><a href=\"https:\/\/alzira.es\/wp-content\/uploads\/2021\/01\/DOGV_05-01-2021.pdf\" target=\"_blank\" rel=\"noopener\">ac\u00ed<\/a><\/span><\/p>\n<p><img fetchpriority=\"high\" decoding=\"async\" width=\"1600\" height=\"1200\" class=\" size-full wp-image-52812\" src=\"https:\/\/alzira.es\/wp-content\/uploads\/2020\/12\/2020_12_03_Salut_Publica_3.jpeg\" alt=\"2020 12 03 Salut P\u00fablica 3\" srcset=\"https:\/\/alzira.es\/wp-content\/uploads\/2020\/12\/2020_12_03_Salut_Publica_3.jpeg 1600w, https:\/\/alzira.es\/wp-content\/uploads\/2020\/12\/2020_12_03_Salut_Publica_3-680x510.jpeg 680w, https:\/\/alzira.es\/wp-content\/uploads\/2020\/12\/2020_12_03_Salut_Publica_3-1430x1072.jpeg 1430w, https:\/\/alzira.es\/wp-content\/uploads\/2020\/12\/2020_12_03_Salut_Publica_3-768x576.jpeg 768w, https:\/\/alzira.es\/wp-content\/uploads\/2020\/12\/2020_12_03_Salut_Publica_3-1536x1152.jpeg 1536w\" sizes=\"(max-width: 706px) 89vw, (max-width: 767px) 82vw, 740px\" \/><\/p>\n","protected":false},"excerpt":{"rendered":"<p>El Departament de Salut ha recuperat la reuni\u00f3 setmanal de cada dijous una vegada han passat les festes de Nadal. En l&#8217;actualitzaci\u00f3 telem\u00e0tica de les dades de casos positius a Alzira les xifres mostren una pujada en tots els municipis de la comarca baixada de casos, hem passat de 330 a 816 casos per cada &hellip; <\/p>\n<p class=\"link-more\"><a href=\"https:\/\/alzira.es\/es\/incidencia-covid-alzira-gener-setmana-01-2\/\" class=\"more-link\">Continuar leyendo<span class=\"screen-reader-text\"> \u00abActualitzaci\u00f3 de dades COVID. La incid\u00e8ncia en Alzira arriba als 816 casos per 100.000 habitants\u00bb<\/span><\/a><\/p>\n","protected":false},"author":29,"featured_media":0,"comment_status":"","ping_status":"","sticky":false,"template":"","format":"standard","meta":{"_acf_changed":false,"footnotes":""},"categories":[],"tags":[],"class_list":["post-53193","post","type-post","status-publish","format-standard","hentry"],"acf":[],"_links":{"self":[{"href":"https:\/\/alzira.es\/es\/wp-json\/wp\/v2\/posts\/53193","targetHints":{"allow":["GET"]}}],"collection":[{"href":"https:\/\/alzira.es\/es\/wp-json\/wp\/v2\/posts"}],"about":[{"href":"https:\/\/alzira.es\/es\/wp-json\/wp\/v2\/types\/post"}],"author":[{"embeddable":true,"href":"https:\/\/alzira.es\/es\/wp-json\/wp\/v2\/users\/29"}],"replies":[{"embeddable":true,"href":"https:\/\/alzira.es\/es\/wp-json\/wp\/v2\/comments?post=53193"}],"version-history":[{"count":0,"href":"https:\/\/alzira.es\/es\/wp-json\/wp\/v2\/posts\/53193\/revisions"}],"wp:attachment":[{"href":"https:\/\/alzira.es\/es\/wp-json\/wp\/v2\/media?parent=53193"}],"wp:term":[{"taxonomy":"category","embeddable":true,"href":"https:\/\/alzira.es\/es\/wp-json\/wp\/v2\/categories?post=53193"},{"taxonomy":"post_tag","embeddable":true,"href":"https:\/\/alzira.es\/es\/wp-json\/wp\/v2\/tags?post=53193"}],"curies":[{"name":"wp","href":"https:\/\/api.w.org\/{rel}","templated":true}]}}