{"id":53192,"date":"2021-01-07T13:27:10","date_gmt":"2021-01-07T12:27:10","guid":{"rendered":"https:\/\/alzira.es\/incidencia-covid-alzira-gener-setmana-01\/"},"modified":"2021-01-07T13:27:10","modified_gmt":"2021-01-07T12:27:10","slug":"incidencia-covid-alzira-gener-setmana-01","status":"publish","type":"post","link":"https:\/\/alzira.es\/es\/incidencia-covid-alzira-gener-setmana-01\/","title":{"rendered":"Actualizaci\u00f3n datos COVID. La incidencia en Alzira llega a los 816 casos por 100.000 habitantes"},"content":{"rendered":"<p>El Departamento de Salud ha recuperado la reuni\u00f3n semanal de cada jueves una vez han pasado las fiestas de Navidad. En la actualizaci\u00f3n telem\u00e1tica de los datos de casos positivos a Alzira las cifras muestran una subida en todos los municipios de la comarca bajada de casos, <strong>hemos pasado de 330 a 816 casos por cada 100.000 habitantes<\/strong>. En total tenemos 373 casos activos, en los \u00faltimos tres d\u00edas, 128 casos nuevos.<\/p>\n<p>El alcalde,<strong> Diego G\u00f3mez<\/strong>, y la regidora de Sanidad, <strong>Gemma Al\u00f3s<\/strong>, han asistido a la reuni\u00f3n donde han explicado que la situaci\u00f3n es complicada en toda la comarca. <em>\u00abLas reuniones sociales de los \u00faltimos d\u00edas nos han pasado factura y ahora mismo sufrimos una situaci\u00f3n que se ha agravado notablemente desde la pasada semana. Pedimos a toda la ciudadan\u00eda que extremen las precauciones y que lleven a cabo un seguimiento riguroso de las medidas que anunci\u00f3 la Generalitat el pasado martes\u00bb<\/em> ha explicado el alcalde.<\/p>\n<p>Hay que recordar que el martes 5 de enero el presidente de la Generalitat <strong>Ximo Puig<\/strong> y la consejera de Sanidad, <strong>Ana Barcel\u00f3<\/strong>, comparecieron para explicar las medidas de prevenci\u00f3n y actuaci\u00f3n ante la #COVID19 despu\u00e9s de la reuni\u00f3n con la Mesa Interdepartamental.<\/p>\n<p><strong>Las restricciones entraron en vigor hoy a las 00 horas y se alargar\u00e1n hasta el 31 de enero<\/strong>.<br \/>1- Se prolonga el cierre perimetral de toda la Comunidad Valenciana hasta el pr\u00f3ximo 31 de enero.<br \/>2- Se avanza el toque de queda a las 22.00 horas.<br \/>3- El cierre de la hosteler\u00eda de toda la Comunidad Valenciana se avanza a las 17 horas.<br \/>4- Prohibido fumar a las terrazas de los restaurantes y bares y las mesas podr\u00e1n tener un m\u00e1ximo de 4 personas.<br \/>5- Se reduce al 30% los aforos de los comercios.<br \/>6- Contin\u00faa el m\u00e1ximo de 6 personas en las reuniones sociales y familiares.<br \/>7- Se cierran perimetralmente aquellos municipios con las incidencias m\u00e1s cr\u00edticas. En total afecta 26 municipios de la Comunidad Valenciana.<\/p>\n<p><strong>Vacunaci\u00f3n en Alzira<\/strong><\/p>\n<p>En cuanto al proceso de vacunaci\u00f3n que ya est\u00e1 realiz\u00e1ndose en Alzira, la regidora de Sanidad, <strong>Gemma Al\u00f2s<\/strong> a\u00f1ade que <em>\u00abse siguen los protocolos y procedimientos previstos, primeramente en las residencias de mayores y personal sanitario de la zona de salud. A pesar de que ya contamos con la vacuna, pido a la ciudadan\u00eda que act\u00fae con precauci\u00f3n y responsabilidad siguiendo las medidas indicadas y recomiendo reducir la movilidad a lo estrictamente necesario. La mejor vacuna contin\u00faa siendo quedarse en casa\u00bb<\/em>.<\/p>\n<p>Puedes consultar la resoluci\u00f3n completa <span style=\"text-decoration: underline;\"><a href=\"https:\/\/alzira.es\/wp-content\/uploads\/2021\/01\/DOGV_05-01-2021.pdf\" target=\"_blank\" rel=\"noopener\">aqu\u00ed<\/a><\/span><\/p>\n<p><img fetchpriority=\"high\" decoding=\"async\" width=\"1600\" height=\"1200\" class=\" size-full wp-image-52812\" src=\"https:\/\/alzira.es\/wp-content\/uploads\/2020\/12\/2020_12_03_Salut_Publica_3.jpeg\" alt=\"2020 12 03 Salut P\u00fablica 3\" srcset=\"https:\/\/alzira.es\/wp-content\/uploads\/2020\/12\/2020_12_03_Salut_Publica_3.jpeg 1600w, https:\/\/alzira.es\/wp-content\/uploads\/2020\/12\/2020_12_03_Salut_Publica_3-680x510.jpeg 680w, https:\/\/alzira.es\/wp-content\/uploads\/2020\/12\/2020_12_03_Salut_Publica_3-1430x1072.jpeg 1430w, https:\/\/alzira.es\/wp-content\/uploads\/2020\/12\/2020_12_03_Salut_Publica_3-768x576.jpeg 768w, https:\/\/alzira.es\/wp-content\/uploads\/2020\/12\/2020_12_03_Salut_Publica_3-1536x1152.jpeg 1536w\" sizes=\"(max-width: 706px) 89vw, (max-width: 767px) 82vw, 740px\" \/><\/p>\n","protected":false},"excerpt":{"rendered":"<p>El Departamento de Salud ha recuperado la reuni\u00f3n semanal de cada jueves una vez han pasado las fiestas de Navidad. En la actualizaci\u00f3n telem\u00e1tica de los datos de casos positivos a Alzira las cifras muestran una subida en todos los municipios de la comarca bajada de casos, hemos pasado de 330 a 816 casos por &hellip; <\/p>\n<p class=\"link-more\"><a href=\"https:\/\/alzira.es\/es\/incidencia-covid-alzira-gener-setmana-01\/\" class=\"more-link\">Continuar leyendo<span class=\"screen-reader-text\"> \u00abActualizaci\u00f3n datos COVID. La incidencia en Alzira llega a los 816 casos por 100.000 habitantes\u00bb<\/span><\/a><\/p>\n","protected":false},"author":29,"featured_media":52812,"comment_status":"","ping_status":"","sticky":false,"template":"","format":"standard","meta":{"_acf_changed":false,"footnotes":""},"categories":[4936],"tags":[],"class_list":["post-53192","post","type-post","status-publish","format-standard","has-post-thumbnail","hentry","category-hemeroteca-es"],"acf":[],"_links":{"self":[{"href":"https:\/\/alzira.es\/es\/wp-json\/wp\/v2\/posts\/53192","targetHints":{"allow":["GET"]}}],"collection":[{"href":"https:\/\/alzira.es\/es\/wp-json\/wp\/v2\/posts"}],"about":[{"href":"https:\/\/alzira.es\/es\/wp-json\/wp\/v2\/types\/post"}],"author":[{"embeddable":true,"href":"https:\/\/alzira.es\/es\/wp-json\/wp\/v2\/users\/29"}],"replies":[{"embeddable":true,"href":"https:\/\/alzira.es\/es\/wp-json\/wp\/v2\/comments?post=53192"}],"version-history":[{"count":0,"href":"https:\/\/alzira.es\/es\/wp-json\/wp\/v2\/posts\/53192\/revisions"}],"wp:featuredmedia":[{"embeddable":true,"href":"https:\/\/alzira.es\/es\/wp-json\/wp\/v2\/media\/52812"}],"wp:attachment":[{"href":"https:\/\/alzira.es\/es\/wp-json\/wp\/v2\/media?parent=53192"}],"wp:term":[{"taxonomy":"category","embeddable":true,"href":"https:\/\/alzira.es\/es\/wp-json\/wp\/v2\/categories?post=53192"},{"taxonomy":"post_tag","embeddable":true,"href":"https:\/\/alzira.es\/es\/wp-json\/wp\/v2\/tags?post=53192"}],"curies":[{"name":"wp","href":"https:\/\/api.w.org\/{rel}","templated":true}]}}