{"id":53188,"date":"2021-01-07T12:58:28","date_gmt":"2021-01-07T11:58:28","guid":{"rendered":"https:\/\/alzira.es\/noves-mesures-preventives-relatives-als-esports\/"},"modified":"2021-01-07T12:58:28","modified_gmt":"2021-01-07T11:58:28","slug":"noves-mesures-preventives-relatives-als-esports","status":"publish","type":"post","link":"https:\/\/alzira.es\/es\/noves-mesures-preventives-relatives-als-esports\/","title":{"rendered":"Nuevas medidas preventivas relativas a los deportes"},"content":{"rendered":"<p>Ante la evoluci\u00f3n de la pandemia, desde la Conseller\u00eda de Salud Universal Y Salud P\u00fablica, <strong>se establecen medidas preventivas excepcionales<\/strong>.<\/p>\n<p><span style=\"text-decoration: underline;\">Actividad f\u00edsica y deportiva de la poblaci\u00f3n en edad escolar de Infantil Y Primaria<\/span>: podr\u00e1n participar un m\u00e1ximo de 25 personas primando la pr\u00e1ctica de din\u00e1micas deportivas individuales, que permiten garantizar la distancia de seguridad y que se desarrollan al aire libre.<\/p>\n<p>Por lo que respecta a las <span style=\"text-decoration: underline;\">competiciones deportivas<\/span> queda prohibida la participaci\u00f3n de estudiantes de Infantil y Primaria en acontecimientos, competiciones deportivas organizadas por personas o entidades p\u00fablicas o privadas, tanto para el deporte federado c\u00f3mo al no federado.<\/p>\n<p><strong>Quedan suspendidas temporalmente las competiciones deportivas de los Juegos Deportivos<\/strong>.<\/p>\n<p><em>\u00abLas instalaciones deportivas municipales cerrar\u00e1n sus puertas a las 21.30 horas, media hora antes del toque de queda, que desde hoy pasa a ser a las 22 horas\u00bb<\/em>, segundos ha manifestado <strong>Fernando Pascual<\/strong>, regidor de Deportes del Ayuntamiento de Alzira.<\/p>\n<p>Consulta el decreto <a href=\"https:\/\/alzira.es\/wp-content\/uploads\/2021\/01\/05012020DECRET.pdf\">aqu\u00ed<\/a><\/p>\n<p><img fetchpriority=\"high\" decoding=\"async\" width=\"1070\" height=\"619\" class=\" size-full wp-image-53184\" style=\"display: block; margin-left: auto; margin-right: auto;\" src=\"https:\/\/alzira.es\/wp-content\/uploads\/2021\/01\/camp-esport-alzira.jpeg\" alt=\"camp-esport-alzira\" srcset=\"https:\/\/alzira.es\/wp-content\/uploads\/2021\/01\/camp-esport-alzira.jpeg 1070w, https:\/\/alzira.es\/wp-content\/uploads\/2021\/01\/camp-esport-alzira-680x393.jpeg 680w, https:\/\/alzira.es\/wp-content\/uploads\/2021\/01\/camp-esport-alzira-768x444.jpeg 768w\" sizes=\"(max-width: 706px) 89vw, (max-width: 767px) 82vw, 740px\" \/><\/p>\n","protected":false},"excerpt":{"rendered":"<p>Ante la evoluci\u00f3n de la pandemia, desde la Conseller\u00eda de Salud Universal Y Salud P\u00fablica, se establecen medidas preventivas excepcionales. Actividad f\u00edsica y deportiva de la poblaci\u00f3n en edad escolar de Infantil Y Primaria: podr\u00e1n participar un m\u00e1ximo de 25 personas primando la pr\u00e1ctica de din\u00e1micas deportivas individuales, que permiten garantizar la distancia de seguridad &hellip; <\/p>\n<p class=\"link-more\"><a href=\"https:\/\/alzira.es\/es\/noves-mesures-preventives-relatives-als-esports\/\" class=\"more-link\">Continuar leyendo<span class=\"screen-reader-text\"> \u00abNuevas medidas preventivas relativas a los deportes\u00bb<\/span><\/a><\/p>\n","protected":false},"author":29,"featured_media":53184,"comment_status":"","ping_status":"","sticky":false,"template":"","format":"standard","meta":{"_acf_changed":false,"footnotes":""},"categories":[4936],"tags":[],"class_list":["post-53188","post","type-post","status-publish","format-standard","has-post-thumbnail","hentry","category-hemeroteca-es"],"acf":[],"_links":{"self":[{"href":"https:\/\/alzira.es\/es\/wp-json\/wp\/v2\/posts\/53188","targetHints":{"allow":["GET"]}}],"collection":[{"href":"https:\/\/alzira.es\/es\/wp-json\/wp\/v2\/posts"}],"about":[{"href":"https:\/\/alzira.es\/es\/wp-json\/wp\/v2\/types\/post"}],"author":[{"embeddable":true,"href":"https:\/\/alzira.es\/es\/wp-json\/wp\/v2\/users\/29"}],"replies":[{"embeddable":true,"href":"https:\/\/alzira.es\/es\/wp-json\/wp\/v2\/comments?post=53188"}],"version-history":[{"count":0,"href":"https:\/\/alzira.es\/es\/wp-json\/wp\/v2\/posts\/53188\/revisions"}],"wp:featuredmedia":[{"embeddable":true,"href":"https:\/\/alzira.es\/es\/wp-json\/wp\/v2\/media\/53184"}],"wp:attachment":[{"href":"https:\/\/alzira.es\/es\/wp-json\/wp\/v2\/media?parent=53188"}],"wp:term":[{"taxonomy":"category","embeddable":true,"href":"https:\/\/alzira.es\/es\/wp-json\/wp\/v2\/categories?post=53188"},{"taxonomy":"post_tag","embeddable":true,"href":"https:\/\/alzira.es\/es\/wp-json\/wp\/v2\/tags?post=53188"}],"curies":[{"name":"wp","href":"https:\/\/api.w.org\/{rel}","templated":true}]}}