{"id":53183,"date":"2021-01-05T14:55:32","date_gmt":"2021-01-05T13:55:32","guid":{"rendered":"https:\/\/alzira.es\/noves-restriccions-covid-a-partir-del-7-de-gener-2\/"},"modified":"2021-01-05T14:55:32","modified_gmt":"2021-01-05T13:55:32","slug":"noves-restriccions-covid-a-partir-del-7-de-gener-2","status":"publish","type":"post","link":"https:\/\/alzira.es\/es\/noves-restriccions-covid-a-partir-del-7-de-gener-2\/","title":{"rendered":"Noves Restriccions COVID a partir del 7 de Gener"},"content":{"rendered":"<p>El President de la Generalitat <strong>Ximo Puig<\/strong> i la Consellera de Sanitat, <strong>Ana Barcel\u00f3<\/strong>, compareixen per a explicar les mesures de prevenci\u00f3 i actuaci\u00f3 davant la COVID19 despr\u00e9s de la reuni\u00f3 amb la Mesa Interdepartamental<\/p>\n<p><span style=\"text-decoration: underline;\"><strong>Restriccions en vigor des de les 00 hores del 7 de gener.<\/strong><\/span><\/p>\n<p><strong>1<\/strong>&#8211; Es prolonga el tancament perimetral de tota la Comunitat Valenciana fins al pr\u00f2xim 31 de gener<\/p>\n<p><strong>2<\/strong>&#8211; S&#8217;avan\u00e7a el toc de queda a les 22.00 hores<\/p>\n<p><strong>3<\/strong>&#8211; El tancament de l&#8217;hostaleria de tota la Comunitat Valenciana s&#8217;avan\u00e7a a les 17 hores<\/p>\n<p><strong>4<\/strong>&#8211; Prohibit fumar a les terrasses dels restaurants i bars i les taules podran tindre un m\u00e0xim de 4 persones<\/p>\n<p><strong>5<\/strong>&#8211; Es redueix al 30% els aforaments dels comer\u00e7os<\/p>\n<p><strong>6<\/strong>&#8211; Continua el m\u00e0xim de 6 persones en les reunions socials i familiars<\/p>\n<p><strong>7<\/strong>&#8211; Es tanquen perimetralment aquells municipis amb les incid\u00e8ncies m\u00e9s cr\u00edtiques.&nbsp;<span style=\"text-decoration: underline;\">En total afecta a 26 municipis de la Comunitat Valenciana<\/span>, entre els quals <strong>NO<\/strong> es troba Alzira<\/p>\n<p><img fetchpriority=\"high\" decoding=\"async\" class=\" size-full wp-image-53180\" style=\"display: block; margin-left: auto; margin-right: auto;\" src=\"https:\/\/alzira.es\/wp-content\/uploads\/2021\/01\/restricciones_a_partir_del_07012021.jpeg\" alt=\"restricciones a partir del 07012021\" width=\"800\" height=\"450\" srcset=\"https:\/\/alzira.es\/wp-content\/uploads\/2021\/01\/restricciones_a_partir_del_07012021.jpeg 1600w, https:\/\/alzira.es\/wp-content\/uploads\/2021\/01\/restricciones_a_partir_del_07012021-680x383.jpeg 680w, https:\/\/alzira.es\/wp-content\/uploads\/2021\/01\/restricciones_a_partir_del_07012021-1430x804.jpeg 1430w, https:\/\/alzira.es\/wp-content\/uploads\/2021\/01\/restricciones_a_partir_del_07012021-768x432.jpeg 768w, https:\/\/alzira.es\/wp-content\/uploads\/2021\/01\/restricciones_a_partir_del_07012021-1536x864.jpeg 1536w\" sizes=\"(max-width: 706px) 89vw, (max-width: 767px) 82vw, 740px\" \/><\/p>\n","protected":false},"excerpt":{"rendered":"<p>El President de la Generalitat Ximo Puig i la Consellera de Sanitat, Ana Barcel\u00f3, compareixen per a explicar les mesures de prevenci\u00f3 i actuaci\u00f3 davant la COVID19 despr\u00e9s de la reuni\u00f3 amb la Mesa Interdepartamental Restriccions en vigor des de les 00 hores del 7 de gener. 1&#8211; Es prolonga el tancament perimetral de tota &hellip; <\/p>\n<p class=\"link-more\"><a href=\"https:\/\/alzira.es\/es\/noves-restriccions-covid-a-partir-del-7-de-gener-2\/\" class=\"more-link\">Continuar leyendo<span class=\"screen-reader-text\"> \u00abNoves Restriccions COVID a partir del 7 de Gener\u00bb<\/span><\/a><\/p>\n","protected":false},"author":29,"featured_media":53180,"comment_status":"","ping_status":"","sticky":false,"template":"","format":"standard","meta":{"_acf_changed":false,"footnotes":""},"categories":[],"tags":[],"class_list":["post-53183","post","type-post","status-publish","format-standard","has-post-thumbnail","hentry"],"acf":[],"_links":{"self":[{"href":"https:\/\/alzira.es\/es\/wp-json\/wp\/v2\/posts\/53183","targetHints":{"allow":["GET"]}}],"collection":[{"href":"https:\/\/alzira.es\/es\/wp-json\/wp\/v2\/posts"}],"about":[{"href":"https:\/\/alzira.es\/es\/wp-json\/wp\/v2\/types\/post"}],"author":[{"embeddable":true,"href":"https:\/\/alzira.es\/es\/wp-json\/wp\/v2\/users\/29"}],"replies":[{"embeddable":true,"href":"https:\/\/alzira.es\/es\/wp-json\/wp\/v2\/comments?post=53183"}],"version-history":[{"count":0,"href":"https:\/\/alzira.es\/es\/wp-json\/wp\/v2\/posts\/53183\/revisions"}],"wp:featuredmedia":[{"embeddable":true,"href":"https:\/\/alzira.es\/es\/wp-json\/wp\/v2\/media\/53180"}],"wp:attachment":[{"href":"https:\/\/alzira.es\/es\/wp-json\/wp\/v2\/media?parent=53183"}],"wp:term":[{"taxonomy":"category","embeddable":true,"href":"https:\/\/alzira.es\/es\/wp-json\/wp\/v2\/categories?post=53183"},{"taxonomy":"post_tag","embeddable":true,"href":"https:\/\/alzira.es\/es\/wp-json\/wp\/v2\/tags?post=53183"}],"curies":[{"name":"wp","href":"https:\/\/api.w.org\/{rel}","templated":true}]}}