{"id":53182,"date":"2021-01-05T14:55:32","date_gmt":"2021-01-05T13:55:32","guid":{"rendered":"https:\/\/alzira.es\/noves-restriccions-covid-a-partir-del-7-de-gener\/"},"modified":"2021-01-05T14:55:32","modified_gmt":"2021-01-05T13:55:32","slug":"noves-restriccions-covid-a-partir-del-7-de-gener","status":"publish","type":"post","link":"https:\/\/alzira.es\/es\/noves-restriccions-covid-a-partir-del-7-de-gener\/","title":{"rendered":"Nuevas Restricciones COVID a partir del 7 de Enero"},"content":{"rendered":"<p>El Presidente de la Generalitat <strong>Ximo Puig<\/strong> y la Consejera de Sanidad, <strong>Ana Barcel\u00f3<\/strong>, comparecen para explicar las medidas de prevenci\u00f3n y actuaci\u00f3n ante la COVID19 despu\u00e9s de la reuni\u00f3n con la Mesa Interdepartamental<\/p>\n<p><span style=\"text-decoration: underline;\"><strong>Restricciones en vigor a partir del 7 de Enero<\/strong>.<\/span><\/p>\n<p><strong>1<\/strong>&#8211; Se prolonga el cierre perimetral de toda la Comunidad Valenciana hasta el pr\u00f3ximo 31 de enero<\/p>\n<p><strong>2<\/strong>&#8211; Se avanza el toque de queda a las 22.00 horas<\/p>\n<p><strong>3<\/strong>&#8211; El cierre de la hosteler\u00eda de toda la Comunidad Valenciana se avanza a las 17 horas<\/p>\n<p><strong>4<\/strong>&#8211; Prohibido fumar a las terrazas de los restaurantes y bares y las mesas podr\u00e1n tener un m\u00e1ximo de 4 personas<\/p>\n<p><strong>5<\/strong>&#8211; Se reduce al 30% los aforos de los comercios<\/p>\n<p><strong>6<\/strong>&#8211; Contin\u00faa el m\u00e1ximo de 6 personas en las reuniones sociales y familiares<\/p>\n<p><strong>7<\/strong>&#8211; Se cierran perimetralmente aquellos municipios con las incidencias m\u00e1s cr\u00edticas. <span style=\"text-decoration: underline;\">En total afecta a 26 municipios de la Comunidad Valenciana<\/span>, entre los cuales <strong>NO<\/strong> se encuentra Alzira<\/p>\n<p><img fetchpriority=\"high\" decoding=\"async\" class=\" size-full wp-image-53180\" style=\"display: block; margin-left: auto; margin-right: auto;\" src=\"https:\/\/alzira.es\/wp-content\/uploads\/2021\/01\/restricciones_a_partir_del_07012021.jpeg\" alt=\"restricciones a partir del 07012021\" width=\"800\" height=\"450\" srcset=\"https:\/\/alzira.es\/wp-content\/uploads\/2021\/01\/restricciones_a_partir_del_07012021.jpeg 1600w, https:\/\/alzira.es\/wp-content\/uploads\/2021\/01\/restricciones_a_partir_del_07012021-680x383.jpeg 680w, https:\/\/alzira.es\/wp-content\/uploads\/2021\/01\/restricciones_a_partir_del_07012021-1430x804.jpeg 1430w, https:\/\/alzira.es\/wp-content\/uploads\/2021\/01\/restricciones_a_partir_del_07012021-768x432.jpeg 768w, https:\/\/alzira.es\/wp-content\/uploads\/2021\/01\/restricciones_a_partir_del_07012021-1536x864.jpeg 1536w\" sizes=\"(max-width: 706px) 89vw, (max-width: 767px) 82vw, 740px\" \/><\/p>\n","protected":false},"excerpt":{"rendered":"<p>El Presidente de la Generalitat Ximo Puig y la Consejera de Sanidad, Ana Barcel\u00f3, comparecen para explicar las medidas de prevenci\u00f3n y actuaci\u00f3n ante la COVID19 despu\u00e9s de la reuni\u00f3n con la Mesa Interdepartamental Restricciones en vigor a partir del 7 de Enero. 1&#8211; Se prolonga el cierre perimetral de toda la Comunidad Valenciana hasta &hellip; <\/p>\n<p class=\"link-more\"><a href=\"https:\/\/alzira.es\/es\/noves-restriccions-covid-a-partir-del-7-de-gener\/\" class=\"more-link\">Continuar leyendo<span class=\"screen-reader-text\"> \u00abNuevas Restricciones COVID a partir del 7 de Enero\u00bb<\/span><\/a><\/p>\n","protected":false},"author":29,"featured_media":53180,"comment_status":"","ping_status":"","sticky":false,"template":"","format":"standard","meta":{"_acf_changed":false,"footnotes":""},"categories":[4936],"tags":[],"class_list":["post-53182","post","type-post","status-publish","format-standard","has-post-thumbnail","hentry","category-hemeroteca-es"],"acf":[],"_links":{"self":[{"href":"https:\/\/alzira.es\/es\/wp-json\/wp\/v2\/posts\/53182","targetHints":{"allow":["GET"]}}],"collection":[{"href":"https:\/\/alzira.es\/es\/wp-json\/wp\/v2\/posts"}],"about":[{"href":"https:\/\/alzira.es\/es\/wp-json\/wp\/v2\/types\/post"}],"author":[{"embeddable":true,"href":"https:\/\/alzira.es\/es\/wp-json\/wp\/v2\/users\/29"}],"replies":[{"embeddable":true,"href":"https:\/\/alzira.es\/es\/wp-json\/wp\/v2\/comments?post=53182"}],"version-history":[{"count":0,"href":"https:\/\/alzira.es\/es\/wp-json\/wp\/v2\/posts\/53182\/revisions"}],"wp:featuredmedia":[{"embeddable":true,"href":"https:\/\/alzira.es\/es\/wp-json\/wp\/v2\/media\/53180"}],"wp:attachment":[{"href":"https:\/\/alzira.es\/es\/wp-json\/wp\/v2\/media?parent=53182"}],"wp:term":[{"taxonomy":"category","embeddable":true,"href":"https:\/\/alzira.es\/es\/wp-json\/wp\/v2\/categories?post=53182"},{"taxonomy":"post_tag","embeddable":true,"href":"https:\/\/alzira.es\/es\/wp-json\/wp\/v2\/tags?post=53182"}],"curies":[{"name":"wp","href":"https:\/\/api.w.org\/{rel}","templated":true}]}}