{"id":53178,"date":"2021-01-05T13:32:19","date_gmt":"2021-01-05T12:32:19","guid":{"rendered":"https:\/\/alzira.es\/l-ajuntament-d-alzira-posa-en-marxa-un-protocol-d-actuacio-davant-de-la-baixada-de-les-temperatures\/"},"modified":"2021-01-05T13:32:19","modified_gmt":"2021-01-05T12:32:19","slug":"l-ajuntament-d-alzira-posa-en-marxa-un-protocol-d-actuacio-davant-de-la-baixada-de-les-temperatures","status":"publish","type":"post","link":"https:\/\/alzira.es\/es\/l-ajuntament-d-alzira-posa-en-marxa-un-protocol-d-actuacio-davant-de-la-baixada-de-les-temperatures\/","title":{"rendered":"El Ayuntamiento de Alzira pone en marcha un protocolo de actuaci\u00f3n ante la bajada de las temperaturas"},"content":{"rendered":"<p>Ante la <strong>ola de fr\u00edo que est\u00e1 prevista que empiece hoy por la tarde<\/strong>, el Ayuntamiento de Alzira ha decidido poner en marcha un protocolo de actuaci\u00f3n municipal. Se inicia a las 19 horas de hoy, martes y se prolongar\u00e1 hasta las 9 horas de lunes 11 de enero.<\/p>\n<p><span style=\"text-decoration: underline;\">Los departamentos municipales implicados son<\/span>: Servicios Sociales, Polic\u00eda Local y el departamento de Deportes, que habilitar\u00e1 una parte del Pabell\u00f3n P\u00e9rez Puig. Tambi\u00e9n se cuenta con la colaboraci\u00f3n de Protecci\u00f3n Civil y Cruz Roja de Alzira, que har\u00e1 el servicio de acogida y atenci\u00f3n personal mientras dure el operativo de emergencia.<\/p>\n<p><em>\u00abEstamos a disposici\u00f3n de todas aquellas personas que se encuentran en situaci\u00f3n de emergencia durante estos d\u00edas de fr\u00edo, para atenderlos\u00bb<\/em>, asegura la regidora de Servicios Sociales, <strong>Marina Mir<\/strong>. Si alguna persona tiene o detecta alguna necesidad, puede ponerse en contacto con la <strong>Polic\u00eda Local<\/strong> (96 245 52 33), <strong>Protecci\u00f3n Civil<\/strong> (661 523 733) o <strong>Emergencias<\/strong> (112).<\/p>\n<p>Por otro lado, desde el Ayuntamiento de Alzira insistimos en la necesidad de seguir las recomendaciones para prevenir accidentes durante la ola de fr\u00edo seg\u00fan las prescripciones de las autoridades sanitarias y de emergencias.<\/p>\n<p><span style=\"text-decoration: underline;\"><strong>Previsi\u00f3n:<\/strong><\/span><\/p>\n<p>Estemos atentos esta pr\u00f3xima madrugada puesto que las m\u00ednimas volver\u00e1n a estar en la l\u00ednea de las que hemos tenido hoy o ser\u00e1n un poco m\u00e1s bajas en la Ribera Alta y zonas colindantes podr\u00edamos registrar -4\u00b0\/-5 \u00b0C en los puntos m\u00e1s helados.<\/p>\n<p><span style=\"text-decoration: underline;\">Mi\u00e9rcoles 6<\/span>: Despu\u00e9s de la madrugada g\u00e9lida que tendremos, las nubes ir\u00e1n a m\u00e1s de sur a norte de nuestro territorio. Alg\u00fan chubasco a \u00faltima hora del d\u00eda por el sur de Alicante.<\/p>\n<p><span style=\"text-decoration: underline;\">Madrugada del mi\u00e9rcoles 6 al jueves 7<\/span>: Las precipitaciones pueden empezar por Alicante en forma de nieve alrededor de los 700\/900m. A lo largo de la ma\u00f1ana esta cota ir\u00e1 subiendo, situ\u00e1ndose por la tarde por encima de los 1000m en Alicante, y de los 800 en Castell\u00f3.<\/p>\n<p><span style=\"text-decoration: underline;\">Viernes 8<\/span>: Seg\u00fan los \u00faltimos modelos, tendremos lluvias por toda nuestra Comunidad que, en general, ser\u00e1n d\u00e9biles y localmente moderadas. La nieve en Castell\u00f3n aparecer\u00e1 por encima de los 1000m.<\/p>\n<p><span style=\"text-decoration: underline;\">S\u00e1bado 9<\/span>: Continuar\u00e1n las lluvias pero ya con una clara tendencia a remitir hacia el final del d\u00eda. La nieve en Castell\u00f3n podr\u00eda bajar a los 800\/900m.<\/p>\n<p><span style=\"text-decoration: underline;\">Domingo 10<\/span>: Mejora radical. D\u00eda entre nubes y claros sin lluvias.<\/p>\n<p>Por \u00faltimo, si se confirma esta mejora, las m\u00ednimas se desplomar\u00e1n de manera muy brusca a inicios de la semana pr\u00f3xima con heladas importantes por nuestro territorio, extremo que habr\u00e1 que detallar mejor estos pr\u00f3ximos d\u00edas.<\/p>\n<p><span style=\"text-decoration: underline;\"><strong>Consejos 112:<\/strong><\/span><\/p>\n<p>Puedes consultar <a href=\"http:\/\/www.112cv.gva.es\/es\/84\" rel=\"nofollow noopener\" target=\"_blank\"><span style=\"text-decoration: underline;\"><\/span><\/a><span style=\"text-decoration: underline;\"><a href=\"http:\/\/www.112cv.gva.es\/es\/84\" rel=\"nofollow noopener\" target=\"_blank\">aqu\u00ed<\/a><\/span> las recomendaciones para hacer frente a la ola de fr\u00edo<\/p>\n<p>&nbsp;<img fetchpriority=\"high\" decoding=\"async\" class=\" size-full wp-image-53174\" src=\"https:\/\/alzira.es\/wp-content\/uploads\/2021\/01\/previsio_050121_2.jpeg\" alt=\"previsi\u00f3 050121 2\" width=\"500\" height=\"456\" \/>&nbsp; &nbsp;&nbsp;<img decoding=\"async\" class=\"size-full wp-image-53176 lazyload\" data-src=\"https:\/\/alzira.es\/wp-content\/uploads\/2021\/01\/previsio_050121_1.jpeg\" alt=\"previsi\u00f3 050121 1\" width=\"500\" height=\"456\" src=\"data:image\/svg+xml;base64,PHN2ZyB3aWR0aD0iMSIgaGVpZ2h0PSIxIiB4bWxucz0iaHR0cDovL3d3dy53My5vcmcvMjAwMC9zdmciPjwvc3ZnPg==\" style=\"--smush-placeholder-width: 500px; --smush-placeholder-aspect-ratio: 500\/456;\" \/><\/p>\n<p>&nbsp;<\/p>\n<p>&nbsp;<\/p>\n<p>&nbsp;<\/p>\n","protected":false},"excerpt":{"rendered":"<p>Ante la ola de fr\u00edo que est\u00e1 prevista que empiece hoy por la tarde, el Ayuntamiento de Alzira ha decidido poner en marcha un protocolo de actuaci\u00f3n municipal. Se inicia a las 19 horas de hoy, martes y se prolongar\u00e1 hasta las 9 horas de lunes 11 de enero. Los departamentos municipales implicados son: Servicios &hellip; <\/p>\n<p class=\"link-more\"><a href=\"https:\/\/alzira.es\/es\/l-ajuntament-d-alzira-posa-en-marxa-un-protocol-d-actuacio-davant-de-la-baixada-de-les-temperatures\/\" class=\"more-link\">Continuar leyendo<span class=\"screen-reader-text\"> \u00abEl Ayuntamiento de Alzira pone en marcha un protocolo de actuaci\u00f3n ante la bajada de las temperaturas\u00bb<\/span><\/a><\/p>\n","protected":false},"author":29,"featured_media":53174,"comment_status":"","ping_status":"","sticky":false,"template":"","format":"standard","meta":{"_acf_changed":false,"footnotes":""},"categories":[4936],"tags":[],"class_list":["post-53178","post","type-post","status-publish","format-standard","has-post-thumbnail","hentry","category-hemeroteca-es"],"acf":[],"_links":{"self":[{"href":"https:\/\/alzira.es\/es\/wp-json\/wp\/v2\/posts\/53178","targetHints":{"allow":["GET"]}}],"collection":[{"href":"https:\/\/alzira.es\/es\/wp-json\/wp\/v2\/posts"}],"about":[{"href":"https:\/\/alzira.es\/es\/wp-json\/wp\/v2\/types\/post"}],"author":[{"embeddable":true,"href":"https:\/\/alzira.es\/es\/wp-json\/wp\/v2\/users\/29"}],"replies":[{"embeddable":true,"href":"https:\/\/alzira.es\/es\/wp-json\/wp\/v2\/comments?post=53178"}],"version-history":[{"count":0,"href":"https:\/\/alzira.es\/es\/wp-json\/wp\/v2\/posts\/53178\/revisions"}],"wp:featuredmedia":[{"embeddable":true,"href":"https:\/\/alzira.es\/es\/wp-json\/wp\/v2\/media\/53174"}],"wp:attachment":[{"href":"https:\/\/alzira.es\/es\/wp-json\/wp\/v2\/media?parent=53178"}],"wp:term":[{"taxonomy":"category","embeddable":true,"href":"https:\/\/alzira.es\/es\/wp-json\/wp\/v2\/categories?post=53178"},{"taxonomy":"post_tag","embeddable":true,"href":"https:\/\/alzira.es\/es\/wp-json\/wp\/v2\/tags?post=53178"}],"curies":[{"name":"wp","href":"https:\/\/api.w.org\/{rel}","templated":true}]}}