{"id":53162,"date":"2021-01-04T13:28:32","date_gmt":"2021-01-04T12:28:32","guid":{"rendered":"https:\/\/alzira.es\/la-cavalcada-d-enguany-fara-un-recorregut-per-les-barriades-de-la-ciutat-i-es-podra-seguir-des-de-les-cases\/"},"modified":"2021-01-04T13:28:32","modified_gmt":"2021-01-04T12:28:32","slug":"la-cavalcada-d-enguany-fara-un-recorregut-per-les-barriades-de-la-ciutat-i-es-podra-seguir-des-de-les-cases","status":"publish","type":"post","link":"https:\/\/alzira.es\/es\/la-cavalcada-d-enguany-fara-un-recorregut-per-les-barriades-de-la-ciutat-i-es-podra-seguir-des-de-les-cases\/","title":{"rendered":"La cabalgata de este a\u00f1o har\u00e1 un recorrido por las barriadas de la ciudad y se podr\u00e1 seguir desde las casas"},"content":{"rendered":"<h3>\u2022 La llegada de los Reyes se podr\u00e1 seguir por las redes municipales<br \/>\u2022 Se establecen horarios aproximados de visita en los barrios<br \/>\u2022 Como colof\u00f3n se disparar\u00e1n 4 castillos de fuegos simult\u00e1neos<\/h3>\n<p><strong>Alzira, 04 de enero de 2021.-<\/strong> Como ya se anunci\u00f3, este a\u00f1o la cabalgata de los Reyes de Oriente visitar\u00e1 los barrios de la ciudad porque todos los ni\u00f1os y ni\u00f1as puedan saludar a Sus Majestades desde sus casas, balcones, esquinas o el punto m\u00e1s pr\u00f3ximo del recorrido.<\/p>\n<p>Para adaptarse a las medidas de seguridad en todo caso hay que respetar la distancia de seguridad establecida por la sanidad p\u00fablica, y en ning\u00fan caso en grupos de diferentes unidades familiares de convivencia. Para minimizar el contacto, no se lanzar\u00e1n caramelos ni juguetes. Desde el Ayuntamiento apelamos a la responsabilidad de todos y todas en este d\u00eda tan especial para nuestros peque\u00f1os.<\/p>\n<p><strong>Para adaptarse a esta situaci\u00f3n sanitaria y evitar las aglomeraciones<\/strong>, <strong>disfrutaremos de una celebraci\u00f3n diferente<\/strong>. A las 16.00 horas se espera la llegada en el Ayuntamiento de la ciudad, que se podr\u00e1 seguir desde las redes sociales del Ayuntamiento de Alzira. Una vez en la casa consistorial el alcalde de la ciudad,<strong> Diego G\u00f3mez<\/strong>, y el regidor de Fiestas, <strong>Xavi P\u00e9rez<\/strong>, les dar\u00e1n la bienvenida y les otorgar\u00e1n la clave de la ciudad.<\/p>\n<p><strong>A partir de las 16.30 horas la caravana de los Reyes recorrer\u00e1 las calles de Alzira con sus veh\u00edculos<\/strong>. Har\u00e1n un paseo por gran parte de las calles de la ciudad, precedidos por los equipos de protecci\u00f3n civil, acompa\u00f1ados por una comitiva con animaci\u00f3n musical y los pajes reales.<\/p>\n<p><span style=\"text-decoration: underline;\">Horarios aproximados de visita en los barrios y zonas<\/span>:<br \/>\u2022 <strong>De 16.30 a 17.20 hores<\/strong>: Ven\u00e8cia, Josep Pau, Ana Sanchis, parc de l&#8217;Alquen\u00e8ncia, Marina Espanyola, la Vila, la Malva i avinguda Sants Patrons.<br \/>\u2022 <strong>De 17.20 a 18 hores<\/strong>: la Graella, pla\u00e7a el Respirall, el Rac\u00f3, Sant Joan i Albuixarres.<br \/>\u2022 <strong>De 18.30 a 19.10 hores<\/strong>: les Basses, Sants Patrons, Pere Cresp\u00ed, Camilo Dolz, Sagrada Fam\u00edlia, l&#8217;Alquerieta i la Muntanyeta.<br \/>\u2022 <strong>De 19.10 a 20 hores<\/strong>: Caputxins, Pere Morell, Llu\u00eds Su\u00f1er, Albuixarres-Cam\u00ed Fondo i les Barraques.<\/p>\n<p>Como colof\u00f3n, <strong>a las 19.30 horas<\/strong>, disparada simult\u00e1nea de <strong>fuegos artificiales<\/strong>, desde <strong>4 puntos diferentes de la ciudad<\/strong>:&nbsp;pla\u00e7a Ana Sanchis, llavador de l&#8217;Alquerieta, pla\u00e7a del Regne i pla\u00e7a Elisa Ram\u00edrez (Mancomunitat).<\/p>\n<p><em>\u00abQueremos que el 5 de enero sea m\u00e1gico y que los ni\u00f1os y ni\u00f1as de Alzira puedan saludar a Sus Majestades los Reyes de Oriente desde sus balcones, ventanas y desde la puerta de casa. No olvidemos que lo m\u00e1s importante en este d\u00eda es la magia y la alegr\u00eda de nuestros ni\u00f1os y ni\u00f1as, y es responsabilidad de todos mantenerla. Pedimos la colaboraci\u00f3n de toda la poblaci\u00f3n para cumplir las medidas de seguridad\u00bb<\/em>, ha explicado el regidor de Fiestas, <strong>Xavi P\u00e9rez<\/strong>.<\/p>\n<p style=\"text-align: center;\"><img fetchpriority=\"high\" decoding=\"async\" class=\" size-full wp-image-53158\" src=\"https:\/\/alzira.es\/wp-content\/uploads\/2021\/01\/nadal_2020-2021_Pagina_24.jpg\" alt=\"nadal 2020-2021 P\u00e1gina 24\" width=\"1000\" height=\"600\" \/><\/p>\n<p style=\"text-align: center;\"><img decoding=\"async\" class=\"size-full wp-image-53160 lazyload\" data-src=\"https:\/\/alzira.es\/wp-content\/uploads\/2021\/01\/plano.jpeg\" alt=\"plano\" width=\"1000\" height=\"921\" data-srcset=\"https:\/\/alzira.es\/wp-content\/uploads\/2021\/01\/plano.jpeg 1600w, https:\/\/alzira.es\/wp-content\/uploads\/2021\/01\/plano-680x626.jpeg 680w, https:\/\/alzira.es\/wp-content\/uploads\/2021\/01\/plano-1164x1072.jpeg 1164w, https:\/\/alzira.es\/wp-content\/uploads\/2021\/01\/plano-768x708.jpeg 768w, https:\/\/alzira.es\/wp-content\/uploads\/2021\/01\/plano-1536x1415.jpeg 1536w\" data-sizes=\"(max-width: 706px) 89vw, (max-width: 767px) 82vw, 740px\" src=\"data:image\/svg+xml;base64,PHN2ZyB3aWR0aD0iMSIgaGVpZ2h0PSIxIiB4bWxucz0iaHR0cDovL3d3dy53My5vcmcvMjAwMC9zdmciPjwvc3ZnPg==\" style=\"--smush-placeholder-width: 1000px; --smush-placeholder-aspect-ratio: 1000\/921;\" \/><\/p>\n","protected":false},"excerpt":{"rendered":"<p>\u2022 La llegada de los Reyes se podr\u00e1 seguir por las redes municipales\u2022 Se establecen horarios aproximados de visita en los barrios\u2022 Como colof\u00f3n se disparar\u00e1n 4 castillos de fuegos simult\u00e1neos Alzira, 04 de enero de 2021.- Como ya se anunci\u00f3, este a\u00f1o la cabalgata de los Reyes de Oriente visitar\u00e1 los barrios de la &hellip; <\/p>\n<p class=\"link-more\"><a href=\"https:\/\/alzira.es\/es\/la-cavalcada-d-enguany-fara-un-recorregut-per-les-barriades-de-la-ciutat-i-es-podra-seguir-des-de-les-cases\/\" class=\"more-link\">Continuar leyendo<span class=\"screen-reader-text\"> \u00abLa cabalgata de este a\u00f1o har\u00e1 un recorrido por las barriadas de la ciudad y se podr\u00e1 seguir desde las casas\u00bb<\/span><\/a><\/p>\n","protected":false},"author":29,"featured_media":53158,"comment_status":"","ping_status":"","sticky":false,"template":"","format":"standard","meta":{"_acf_changed":false,"footnotes":""},"categories":[4936],"tags":[],"class_list":["post-53162","post","type-post","status-publish","format-standard","has-post-thumbnail","hentry","category-hemeroteca-es"],"acf":[],"_links":{"self":[{"href":"https:\/\/alzira.es\/es\/wp-json\/wp\/v2\/posts\/53162","targetHints":{"allow":["GET"]}}],"collection":[{"href":"https:\/\/alzira.es\/es\/wp-json\/wp\/v2\/posts"}],"about":[{"href":"https:\/\/alzira.es\/es\/wp-json\/wp\/v2\/types\/post"}],"author":[{"embeddable":true,"href":"https:\/\/alzira.es\/es\/wp-json\/wp\/v2\/users\/29"}],"replies":[{"embeddable":true,"href":"https:\/\/alzira.es\/es\/wp-json\/wp\/v2\/comments?post=53162"}],"version-history":[{"count":0,"href":"https:\/\/alzira.es\/es\/wp-json\/wp\/v2\/posts\/53162\/revisions"}],"wp:featuredmedia":[{"embeddable":true,"href":"https:\/\/alzira.es\/es\/wp-json\/wp\/v2\/media\/53158"}],"wp:attachment":[{"href":"https:\/\/alzira.es\/es\/wp-json\/wp\/v2\/media?parent=53162"}],"wp:term":[{"taxonomy":"category","embeddable":true,"href":"https:\/\/alzira.es\/es\/wp-json\/wp\/v2\/categories?post=53162"},{"taxonomy":"post_tag","embeddable":true,"href":"https:\/\/alzira.es\/es\/wp-json\/wp\/v2\/tags?post=53162"}],"curies":[{"name":"wp","href":"https:\/\/api.w.org\/{rel}","templated":true}]}}