{"id":53157,"date":"2020-12-30T14:55:56","date_gmt":"2020-12-30T13:55:56","guid":{"rendered":"https:\/\/alzira.es\/video-alzira-2\/"},"modified":"2020-12-30T14:55:56","modified_gmt":"2020-12-30T13:55:56","slug":"video-alzira-2","status":"publish","type":"post","link":"https:\/\/alzira.es\/es\/video-alzira-2\/","title":{"rendered":"L\u2019Ajuntament difon un v\u00eddeo promocional d\u2019Alzira amb motiu del dia de la ciutat"},"content":{"rendered":"<p>L&#8217;Ajuntament d&#8217;Alzira, a trav\u00e9s de les regidories de Cultura i Turisme, ha editat el v\u00eddeo Alzira: <strong>una ciutat de futur<\/strong>, que es pot visionar des de <span style=\"text-decoration: underline;\"><a href=\"https:\/\/www.youtube.com\/watch?v=ie_7MT3EoZQ&amp;feature=emb_logo\" target=\"_blank\" rel=\"noopener\">www.alzira.es<\/a><\/span> aix\u00ed com des de les xarxes municipals.<\/p>\n<p>En set minuts s&#8217;hi exposen <strong>aspectes relacionats amb la hist\u00f2ria<\/strong>, <strong>la geografia<\/strong>,<strong> l&#8217;economia<\/strong>, <strong>el medi ambient<\/strong>.<strong> l&#8217;art<\/strong>, <strong>la cultura<\/strong>, <strong>les festes i la gastronomia de la ciutat<\/strong>.<br \/>El v\u00eddeo mostra unes espectaculars i in\u00e8dites imatges d&#8217;Alzira i els seus voltants, <em>filmades per l&#8217;empresa d&#8217;audiovisuals<\/em> <strong>PHC<\/strong>, <em>comentades per la locutora d&#8217;Alzira R\u00e0dio<\/em> <strong>M. Carmen Cano<\/strong><em> i amb un gui\u00f3 d&#8217;<\/em><strong>Aureli\u00e0 Lair\u00f3n<\/strong>,<strong> Alfred Aranda<\/strong> <em>i<\/em> <strong>Elsa Esplugues<\/strong>.<\/p>\n<p><em>\u00abAvui, 30 de desembre, dia en qu\u00e8 es commemora la conquesta de la ciutat, volem mostrar una Alzira que mira cap al futur amb optimisme i responsabilitat. Entre tots hem d&#8217;aconseguir una ciutat amable, culta, alegre, solid\u00e0ria, pr\u00f2spera i respectuosa amb el medi ambient&#8230; i ho aconseguirem perqu\u00e8 som un poble en moviment\u00bb<\/em> ha explicat el regidor de Cultura, <strong>Alfred Aranda<\/strong>.<\/p>\n<p>Alzira, capital de la Ribera Alta del X\u00faquer \u00e9s, atenent a la seua hist\u00f2ria i a la seua poblaci\u00f3, una de les ciutats m\u00e9s importants de la Comunitat Valenciana. Les seues arrels, la seua llengua i les seues tradicions constitu\u00efxen les seues senyals d&#8217;identitat.<br \/>La vella Alyazirat, l&#8217;illa del X\u00faquer, t\u00e9 el seus or\u00edgens en l&#8217;\u00e8poca medieval. El Rei En Jaume I va fer la seua entrada en la Vila, el 30 de desembre de 1242 i la va incorporar a la corona d&#8217;Arag\u00f3. Des d&#8217;aleshores en\u00e7\u00e0 ha canviat considerablement, en tots els aspectes tal i com es pot veure en aquest audiovisual.<\/p>\n<p>Per la seua banda la regidora de Turisme, <strong>Isabel Aguilar<\/strong> ha informat que <em>\u00abla intenci\u00f3 de l&#8217;Ajuntament, ha estat promocionar la nostra ciutat entre els possibles visitants, per\u00f2 tamb\u00e9 entre els alzirenys i alzirenyes. Per aix\u00f2 hem preparat uns USB, que contenen una versi\u00f3 en valenci\u00e0 i castell\u00e0 d&#8217;aquest magn\u00edfic audiovisual i que farem arribar als centres educatius, associacions i institucions ja que serveix de promoci\u00f3 cultural i tur\u00edstica\u00bb<\/em>.<\/p>\n<p><img fetchpriority=\"high\" decoding=\"async\" width=\"1772\" height=\"1181\" class=\" size-full wp-image-53154\" src=\"https:\/\/alzira.es\/wp-content\/uploads\/2020\/12\/ALZIRA_UNA_CIUTAT_FUTUR.jpg\" alt=\"ALZIRA UNA CIUTAT FUTUR\" srcset=\"https:\/\/alzira.es\/wp-content\/uploads\/2020\/12\/ALZIRA_UNA_CIUTAT_FUTUR.jpg 1772w, https:\/\/alzira.es\/wp-content\/uploads\/2020\/12\/ALZIRA_UNA_CIUTAT_FUTUR-680x453.jpg 680w, https:\/\/alzira.es\/wp-content\/uploads\/2020\/12\/ALZIRA_UNA_CIUTAT_FUTUR-1430x953.jpg 1430w, https:\/\/alzira.es\/wp-content\/uploads\/2020\/12\/ALZIRA_UNA_CIUTAT_FUTUR-768x512.jpg 768w, https:\/\/alzira.es\/wp-content\/uploads\/2020\/12\/ALZIRA_UNA_CIUTAT_FUTUR-391x260.jpg 391w, https:\/\/alzira.es\/wp-content\/uploads\/2020\/12\/ALZIRA_UNA_CIUTAT_FUTUR-1536x1024.jpg 1536w\" sizes=\"(max-width: 706px) 89vw, (max-width: 767px) 82vw, 740px\" \/><\/p>\n","protected":false},"excerpt":{"rendered":"<p>L&#8217;Ajuntament d&#8217;Alzira, a trav\u00e9s de les regidories de Cultura i Turisme, ha editat el v\u00eddeo Alzira: una ciutat de futur, que es pot visionar des de www.alzira.es aix\u00ed com des de les xarxes municipals. En set minuts s&#8217;hi exposen aspectes relacionats amb la hist\u00f2ria, la geografia, l&#8217;economia, el medi ambient. l&#8217;art, la cultura, les festes &hellip; <\/p>\n<p class=\"link-more\"><a href=\"https:\/\/alzira.es\/es\/video-alzira-2\/\" class=\"more-link\">Continuar leyendo<span class=\"screen-reader-text\"> \u00abL\u2019Ajuntament difon un v\u00eddeo promocional d\u2019Alzira amb motiu del dia de la ciutat\u00bb<\/span><\/a><\/p>\n","protected":false},"author":29,"featured_media":53154,"comment_status":"","ping_status":"","sticky":false,"template":"","format":"standard","meta":{"_acf_changed":false,"footnotes":""},"categories":[],"tags":[],"class_list":["post-53157","post","type-post","status-publish","format-standard","has-post-thumbnail","hentry"],"acf":[],"_links":{"self":[{"href":"https:\/\/alzira.es\/es\/wp-json\/wp\/v2\/posts\/53157","targetHints":{"allow":["GET"]}}],"collection":[{"href":"https:\/\/alzira.es\/es\/wp-json\/wp\/v2\/posts"}],"about":[{"href":"https:\/\/alzira.es\/es\/wp-json\/wp\/v2\/types\/post"}],"author":[{"embeddable":true,"href":"https:\/\/alzira.es\/es\/wp-json\/wp\/v2\/users\/29"}],"replies":[{"embeddable":true,"href":"https:\/\/alzira.es\/es\/wp-json\/wp\/v2\/comments?post=53157"}],"version-history":[{"count":0,"href":"https:\/\/alzira.es\/es\/wp-json\/wp\/v2\/posts\/53157\/revisions"}],"wp:featuredmedia":[{"embeddable":true,"href":"https:\/\/alzira.es\/es\/wp-json\/wp\/v2\/media\/53154"}],"wp:attachment":[{"href":"https:\/\/alzira.es\/es\/wp-json\/wp\/v2\/media?parent=53157"}],"wp:term":[{"taxonomy":"category","embeddable":true,"href":"https:\/\/alzira.es\/es\/wp-json\/wp\/v2\/categories?post=53157"},{"taxonomy":"post_tag","embeddable":true,"href":"https:\/\/alzira.es\/es\/wp-json\/wp\/v2\/tags?post=53157"}],"curies":[{"name":"wp","href":"https:\/\/api.w.org\/{rel}","templated":true}]}}