{"id":53156,"date":"2020-12-30T14:55:56","date_gmt":"2020-12-30T13:55:56","guid":{"rendered":"https:\/\/alzira.es\/video-alzira\/"},"modified":"2020-12-30T14:55:56","modified_gmt":"2020-12-30T13:55:56","slug":"video-alzira","status":"publish","type":"post","link":"https:\/\/alzira.es\/es\/video-alzira\/","title":{"rendered":"El Ayuntamiento difunde un video promocional de Alzira con motivo del d\u00eda de la ciudad"},"content":{"rendered":"<p>El Ayuntamiento de Alzira, a trav\u00e9s de las concejal\u00edas de Cultura y Turismo, ha editado el video Alzira: <strong>una ciudad de futuro<\/strong>, que se puede visionar desde <span style=\"text-decoration: underline;\"><a href=\"https:\/\/www.youtube.com\/watch?v=3ff8lrr0PlI&amp;feature=youtu.be\" target=\"_blank\" rel=\"noopener\">www.alzira.es<\/a><\/span> as\u00ed como desde las redes municipales.<\/p>\n<p>En siete minutos se exponen <strong>aspectos relacionados con la historia<\/strong>, <strong>la geograf\u00eda<\/strong>,<strong> la econom\u00eda<\/strong>,<strong> el medio ambiente<\/strong>. <strong>E<\/strong><strong>l arte<\/strong>, <strong>la cultura<\/strong>, <strong>las fiestas y la gastronom\u00eda de la ciudad<\/strong>.<br \/>El video muestra unas espectaculares e in\u00e9ditas im\u00e1genes de Alzira y sus alrededores,<em> filmadas por la empresa de audiovisuales<\/em>&nbsp;<strong>PHC<\/strong>, <em>comentadas por la locutora de Alzira Radio<\/em> <strong>M. Carmen Cano<\/strong> <em>y con un guion de<\/em> <strong>Aureli\u00e0 Lair\u00f3n<\/strong>, <strong>Alfred Aranda<\/strong> i <strong>Elsa Esplugues<\/strong>.<\/p>\n<p><em>\u00abHoy, 30 de diciembre, d\u00eda en que se conmemora la conquista de la ciudad, queremos mostrar una Alzira que mira hacia el futuro con optimismo y responsabilidad. Entre todos tenemos que conseguir una ciudad amable, culta, alegre, solidaria, pr\u00f3spera y respetuosa con el medio ambiente&#8230; y lo conseguiremos porque somos un pueblo en movimiento\u00bb<\/em> ha explicado el regidor de Cultura, <strong>Alfred Aranda<\/strong>.<\/p>\n<p>Alzira, capital de la Ribera Alta del J\u00facar es, atendiendo a su historia y en su poblaci\u00f3n, una de las ciudades m\u00e1s importantes de la Comunidad Valenciana. Sus ra\u00edces, su lengua y sus tradiciones constituyen sus se\u00f1ales de identidad.<br \/><em>La vella Alyazirat<\/em>,<em> l&#8217;illa del X\u00faquer<\/em>, tiene sus or\u00edgenes en la \u00e9poca medieval. El Rey En Jaime I hizo su entrada en la Vila, el 30 de diciembre de 1242 y la incorpor\u00f3 a la corona de Arag\u00f3n. Desde entonces ha cambiado considerablemente, en todos los aspectos tal y como se puede ver en este audiovisual.<\/p>\n<p>Por su parte la regidora de Turismo, <strong>Isabel Aguilar<\/strong> ha informado que <em>\u00abla intenci\u00f3n del Ayuntamiento, ha estado promocionar nuestra ciudad entre los posibles visitantes, pero tambi\u00e9n entre los alzire\u00f1os y alzire\u00f1as. Por eso hemos preparado unos USB, que contienen una versi\u00f3n en valenciano y castellano de este magn\u00edfico audiovisual y que haremos llegar a los centros educativos, asociaciones e instituciones puesto que sirve de promoci\u00f3n cultural y tur\u00edstica\u00bb<\/em>.<\/p>\n<p><img fetchpriority=\"high\" decoding=\"async\" width=\"1772\" height=\"1181\" class=\" size-full wp-image-53154\" src=\"https:\/\/alzira.es\/wp-content\/uploads\/2020\/12\/ALZIRA_UNA_CIUTAT_FUTUR.jpg\" alt=\"ALZIRA UNA CIUTAT FUTUR\" srcset=\"https:\/\/alzira.es\/wp-content\/uploads\/2020\/12\/ALZIRA_UNA_CIUTAT_FUTUR.jpg 1772w, https:\/\/alzira.es\/wp-content\/uploads\/2020\/12\/ALZIRA_UNA_CIUTAT_FUTUR-680x453.jpg 680w, https:\/\/alzira.es\/wp-content\/uploads\/2020\/12\/ALZIRA_UNA_CIUTAT_FUTUR-1430x953.jpg 1430w, https:\/\/alzira.es\/wp-content\/uploads\/2020\/12\/ALZIRA_UNA_CIUTAT_FUTUR-768x512.jpg 768w, https:\/\/alzira.es\/wp-content\/uploads\/2020\/12\/ALZIRA_UNA_CIUTAT_FUTUR-391x260.jpg 391w, https:\/\/alzira.es\/wp-content\/uploads\/2020\/12\/ALZIRA_UNA_CIUTAT_FUTUR-1536x1024.jpg 1536w\" sizes=\"(max-width: 706px) 89vw, (max-width: 767px) 82vw, 740px\" \/><\/p>\n","protected":false},"excerpt":{"rendered":"<p>El Ayuntamiento de Alzira, a trav\u00e9s de las concejal\u00edas de Cultura y Turismo, ha editado el video Alzira: una ciudad de futuro, que se puede visionar desde www.alzira.es as\u00ed como desde las redes municipales. En siete minutos se exponen aspectos relacionados con la historia, la geograf\u00eda, la econom\u00eda, el medio ambiente. El arte, la cultura, &hellip; <\/p>\n<p class=\"link-more\"><a href=\"https:\/\/alzira.es\/es\/video-alzira\/\" class=\"more-link\">Continuar leyendo<span class=\"screen-reader-text\"> \u00abEl Ayuntamiento difunde un video promocional de Alzira con motivo del d\u00eda de la ciudad\u00bb<\/span><\/a><\/p>\n","protected":false},"author":29,"featured_media":53154,"comment_status":"","ping_status":"","sticky":false,"template":"","format":"standard","meta":{"_acf_changed":false,"footnotes":""},"categories":[4936],"tags":[],"class_list":["post-53156","post","type-post","status-publish","format-standard","has-post-thumbnail","hentry","category-hemeroteca-es"],"acf":[],"_links":{"self":[{"href":"https:\/\/alzira.es\/es\/wp-json\/wp\/v2\/posts\/53156","targetHints":{"allow":["GET"]}}],"collection":[{"href":"https:\/\/alzira.es\/es\/wp-json\/wp\/v2\/posts"}],"about":[{"href":"https:\/\/alzira.es\/es\/wp-json\/wp\/v2\/types\/post"}],"author":[{"embeddable":true,"href":"https:\/\/alzira.es\/es\/wp-json\/wp\/v2\/users\/29"}],"replies":[{"embeddable":true,"href":"https:\/\/alzira.es\/es\/wp-json\/wp\/v2\/comments?post=53156"}],"version-history":[{"count":0,"href":"https:\/\/alzira.es\/es\/wp-json\/wp\/v2\/posts\/53156\/revisions"}],"wp:featuredmedia":[{"embeddable":true,"href":"https:\/\/alzira.es\/es\/wp-json\/wp\/v2\/media\/53154"}],"wp:attachment":[{"href":"https:\/\/alzira.es\/es\/wp-json\/wp\/v2\/media?parent=53156"}],"wp:term":[{"taxonomy":"category","embeddable":true,"href":"https:\/\/alzira.es\/es\/wp-json\/wp\/v2\/categories?post=53156"},{"taxonomy":"post_tag","embeddable":true,"href":"https:\/\/alzira.es\/es\/wp-json\/wp\/v2\/tags?post=53156"}],"curies":[{"name":"wp","href":"https:\/\/api.w.org\/{rel}","templated":true}]}}