{"id":53150,"date":"2020-12-30T14:41:47","date_gmt":"2020-12-30T13:41:47","guid":{"rendered":"https:\/\/alzira.es\/acte-institucional-del-30-de-desembre-2\/"},"modified":"2020-12-30T14:41:47","modified_gmt":"2020-12-30T13:41:47","slug":"acte-institucional-del-30-de-desembre-2","status":"publish","type":"post","link":"https:\/\/alzira.es\/es\/acte-institucional-del-30-de-desembre-2\/","title":{"rendered":"Acte institucional del 30 de desembre"},"content":{"rendered":"<p>Hui s&#8217;ha celebrat un senzill acte institucional per a commemorar l&#8217;entrada del Rei En Jaume a la ciutat d&#8217;Alzira. <br \/>Amb motiu de la situaci\u00f3 sanit\u00e0ria el Ple Institucional de lliurament de les ins\u00edgnies no s&#8217;ha pogut celebrar com \u00e9s habitual, per la qual cosa a les 12 del migdia s&#8217;ha procedit a la lectura de la proposta de concessi\u00f3 de les ins\u00edgnies d&#8217;or de la ciutat per part del Secretari de l&#8217;Ajuntament <strong>Victor Almonacid<\/strong> Lamelas a:<\/p>\n<p>\u2022 <strong>\u00c0rea de Salut P\u00fablica de la Ribera<\/strong> en la modalitat d\u2019Humanisme.<br \/>\u2022 <strong>Pirot\u00e8cnia Crespo<\/strong> en Activitats Empresarials.<br \/>\u2022 <strong>M\u00aa Dolores Tom\u00e1s Calatayud<\/strong> en Cultura.<br \/>\u2022 <strong>Col\u00b7legi d\u2019Advocats d\u2019Alzira<\/strong> en Activitats Diverses<\/p>\n<p>En acabar ha estat el torn de l&#8217;alcalde, <strong>Diego G\u00f3mez<\/strong>, qui ha parlat al seu discurs sobre la import\u00e0ncia d&#8217;esta data assenyalada, en la hist\u00f2ria del nostre poble. Aix\u00ed mateix ha parlat de <em>\u00abl&#8217;agra\u00efment als nostres avantpassats que amb el seu esfor\u00e7 i el seu quefer constant han fet que ara mateix puguem gaudir d\u2019una ciutat que \u00e9s far llumin\u00f3s en la Ribera i vol seguir sent referent de la nostra comarca. Alzira vol ser i \u00e9s clau de futur\u00bb<\/em><br \/>Finalment s&#8217;ha escoltat l&#8217;himne regional acompanyat de 21 salves.<\/p>\n<p><img fetchpriority=\"high\" decoding=\"async\" width=\"1024\" height=\"768\" class=\" size-full wp-image-53145\" src=\"https:\/\/alzira.es\/wp-content\/uploads\/2020\/12\/guardonats.jpeg\" alt=\"guardonats\" srcset=\"https:\/\/alzira.es\/wp-content\/uploads\/2020\/12\/guardonats.jpeg 1024w, https:\/\/alzira.es\/wp-content\/uploads\/2020\/12\/guardonats-680x510.jpeg 680w, https:\/\/alzira.es\/wp-content\/uploads\/2020\/12\/guardonats-768x576.jpeg 768w\" sizes=\"(max-width: 706px) 89vw, (max-width: 767px) 82vw, 740px\" \/><\/p>\n<p>&nbsp;<\/p>\n<p><img decoding=\"async\" width=\"1024\" height=\"768\" class=\"size-full wp-image-53147 lazyload\" data-src=\"https:\/\/alzira.es\/wp-content\/uploads\/2020\/12\/foto_corporacio_guardonats.jpeg\" alt=\"foto corporacio guardonats\" data-srcset=\"https:\/\/alzira.es\/wp-content\/uploads\/2020\/12\/foto_corporacio_guardonats.jpeg 1024w, https:\/\/alzira.es\/wp-content\/uploads\/2020\/12\/foto_corporacio_guardonats-680x510.jpeg 680w, https:\/\/alzira.es\/wp-content\/uploads\/2020\/12\/foto_corporacio_guardonats-768x576.jpeg 768w\" data-sizes=\"(max-width: 706px) 89vw, (max-width: 767px) 82vw, 740px\" src=\"data:image\/svg+xml;base64,PHN2ZyB3aWR0aD0iMSIgaGVpZ2h0PSIxIiB4bWxucz0iaHR0cDovL3d3dy53My5vcmcvMjAwMC9zdmciPjwvc3ZnPg==\" style=\"--smush-placeholder-width: 1024px; --smush-placeholder-aspect-ratio: 1024\/768;\" \/><\/p>\n","protected":false},"excerpt":{"rendered":"<p>Hui s&#8217;ha celebrat un senzill acte institucional per a commemorar l&#8217;entrada del Rei En Jaume a la ciutat d&#8217;Alzira. Amb motiu de la situaci\u00f3 sanit\u00e0ria el Ple Institucional de lliurament de les ins\u00edgnies no s&#8217;ha pogut celebrar com \u00e9s habitual, per la qual cosa a les 12 del migdia s&#8217;ha procedit a la lectura de &hellip; <\/p>\n<p class=\"link-more\"><a href=\"https:\/\/alzira.es\/es\/acte-institucional-del-30-de-desembre-2\/\" class=\"more-link\">Continuar leyendo<span class=\"screen-reader-text\"> \u00abActe institucional del 30 de desembre\u00bb<\/span><\/a><\/p>\n","protected":false},"author":29,"featured_media":53145,"comment_status":"","ping_status":"","sticky":false,"template":"","format":"standard","meta":{"_acf_changed":false,"footnotes":""},"categories":[],"tags":[],"class_list":["post-53150","post","type-post","status-publish","format-standard","has-post-thumbnail","hentry"],"acf":[],"_links":{"self":[{"href":"https:\/\/alzira.es\/es\/wp-json\/wp\/v2\/posts\/53150","targetHints":{"allow":["GET"]}}],"collection":[{"href":"https:\/\/alzira.es\/es\/wp-json\/wp\/v2\/posts"}],"about":[{"href":"https:\/\/alzira.es\/es\/wp-json\/wp\/v2\/types\/post"}],"author":[{"embeddable":true,"href":"https:\/\/alzira.es\/es\/wp-json\/wp\/v2\/users\/29"}],"replies":[{"embeddable":true,"href":"https:\/\/alzira.es\/es\/wp-json\/wp\/v2\/comments?post=53150"}],"version-history":[{"count":0,"href":"https:\/\/alzira.es\/es\/wp-json\/wp\/v2\/posts\/53150\/revisions"}],"wp:featuredmedia":[{"embeddable":true,"href":"https:\/\/alzira.es\/es\/wp-json\/wp\/v2\/media\/53145"}],"wp:attachment":[{"href":"https:\/\/alzira.es\/es\/wp-json\/wp\/v2\/media?parent=53150"}],"wp:term":[{"taxonomy":"category","embeddable":true,"href":"https:\/\/alzira.es\/es\/wp-json\/wp\/v2\/categories?post=53150"},{"taxonomy":"post_tag","embeddable":true,"href":"https:\/\/alzira.es\/es\/wp-json\/wp\/v2\/tags?post=53150"}],"curies":[{"name":"wp","href":"https:\/\/api.w.org\/{rel}","templated":true}]}}