{"id":53149,"date":"2020-12-30T14:41:47","date_gmt":"2020-12-30T13:41:47","guid":{"rendered":"https:\/\/alzira.es\/acte-institucional-del-30-de-desembre\/"},"modified":"2020-12-30T14:41:47","modified_gmt":"2020-12-30T13:41:47","slug":"acte-institucional-del-30-de-desembre","status":"publish","type":"post","link":"https:\/\/alzira.es\/es\/acte-institucional-del-30-de-desembre\/","title":{"rendered":"Acto institucional del 30 de diciembre"},"content":{"rendered":"<p>Hoy se ha celebrado un sencillo acto institucional para conmemorar la entrada del Rey En Jaume en la ciudad de Alzira.<br \/>Con motivo de la situaci\u00f3n sanitaria el Pleno Institucional de entrega de las insignias no se ha podido celebrar c\u00f3mo es habitual, por lo cual a las 12 del mediod\u00eda se ha procedido a la lectura de la propuesta de concesi\u00f3n de las insignias de oro de la ciudad por parte del Secretario del Ayuntamiento <strong>Victor Almonacid Lamelas<\/strong> a:<\/p>\n<p>\u2022 <strong>\u00c1rea de Salud P\u00fablica de la Ribera<\/strong> en la modalidad de Humanismo.<br \/>\u2022 <strong>Pirotecnia Crespo<\/strong> en Actividades Empresariales.<br \/>\u2022 <strong>M\u00aa Dolores Tom\u00e1s Calatayud<\/strong> en Cultura.<br \/>\u2022 <strong>Colegio de Abogados de Alzira<\/strong> en Actividades Diversas<\/p>\n<p>Al acabar ha sido el turno del alcalde, <strong>Diego G\u00f3mez<\/strong>, quien ha hablado a su discurso sobre la importancia de esta fecha se\u00f1alada, en la historia de nuestro pueblo. As\u00ed mismo ha hablado de <em>\u00abel agradecimiento a nuestros antepasados que con su esfuerzo y su quehacer constando han hecho que ahora mismo podamos disfrutar de una ciudad que es faro luminoso en la Ribera y quiere seguir siendo referente de nuestra comarca. Alzira quiere ser y es clave de futuro\u00bb<\/em><br \/>Finalmente se ha escuchado el himno regional acompa\u00f1ado de 21 salvas.<\/p>\n<p>&nbsp;<\/p>\n<p><img fetchpriority=\"high\" decoding=\"async\" width=\"1024\" height=\"768\" class=\" size-full wp-image-53145\" src=\"https:\/\/alzira.es\/wp-content\/uploads\/2020\/12\/guardonats.jpeg\" alt=\"guardonats\" srcset=\"https:\/\/alzira.es\/wp-content\/uploads\/2020\/12\/guardonats.jpeg 1024w, https:\/\/alzira.es\/wp-content\/uploads\/2020\/12\/guardonats-680x510.jpeg 680w, https:\/\/alzira.es\/wp-content\/uploads\/2020\/12\/guardonats-768x576.jpeg 768w\" sizes=\"(max-width: 706px) 89vw, (max-width: 767px) 82vw, 740px\" \/><\/p>\n<p>&nbsp;<\/p>\n<p><img decoding=\"async\" width=\"1024\" height=\"768\" class=\"size-full wp-image-53147 lazyload\" data-src=\"https:\/\/alzira.es\/wp-content\/uploads\/2020\/12\/foto_corporacio_guardonats.jpeg\" alt=\"foto corporacio guardonats\" data-srcset=\"https:\/\/alzira.es\/wp-content\/uploads\/2020\/12\/foto_corporacio_guardonats.jpeg 1024w, https:\/\/alzira.es\/wp-content\/uploads\/2020\/12\/foto_corporacio_guardonats-680x510.jpeg 680w, https:\/\/alzira.es\/wp-content\/uploads\/2020\/12\/foto_corporacio_guardonats-768x576.jpeg 768w\" data-sizes=\"(max-width: 706px) 89vw, (max-width: 767px) 82vw, 740px\" src=\"data:image\/svg+xml;base64,PHN2ZyB3aWR0aD0iMSIgaGVpZ2h0PSIxIiB4bWxucz0iaHR0cDovL3d3dy53My5vcmcvMjAwMC9zdmciPjwvc3ZnPg==\" style=\"--smush-placeholder-width: 1024px; --smush-placeholder-aspect-ratio: 1024\/768;\" \/><\/p>\n","protected":false},"excerpt":{"rendered":"<p>Hoy se ha celebrado un sencillo acto institucional para conmemorar la entrada del Rey En Jaume en la ciudad de Alzira.Con motivo de la situaci\u00f3n sanitaria el Pleno Institucional de entrega de las insignias no se ha podido celebrar c\u00f3mo es habitual, por lo cual a las 12 del mediod\u00eda se ha procedido a la &hellip; <\/p>\n<p class=\"link-more\"><a href=\"https:\/\/alzira.es\/es\/acte-institucional-del-30-de-desembre\/\" class=\"more-link\">Continuar leyendo<span class=\"screen-reader-text\"> \u00abActo institucional del 30 de diciembre\u00bb<\/span><\/a><\/p>\n","protected":false},"author":29,"featured_media":53145,"comment_status":"","ping_status":"","sticky":false,"template":"","format":"standard","meta":{"_acf_changed":false,"footnotes":""},"categories":[4936],"tags":[],"class_list":["post-53149","post","type-post","status-publish","format-standard","has-post-thumbnail","hentry","category-hemeroteca-es"],"acf":[],"_links":{"self":[{"href":"https:\/\/alzira.es\/es\/wp-json\/wp\/v2\/posts\/53149","targetHints":{"allow":["GET"]}}],"collection":[{"href":"https:\/\/alzira.es\/es\/wp-json\/wp\/v2\/posts"}],"about":[{"href":"https:\/\/alzira.es\/es\/wp-json\/wp\/v2\/types\/post"}],"author":[{"embeddable":true,"href":"https:\/\/alzira.es\/es\/wp-json\/wp\/v2\/users\/29"}],"replies":[{"embeddable":true,"href":"https:\/\/alzira.es\/es\/wp-json\/wp\/v2\/comments?post=53149"}],"version-history":[{"count":0,"href":"https:\/\/alzira.es\/es\/wp-json\/wp\/v2\/posts\/53149\/revisions"}],"wp:featuredmedia":[{"embeddable":true,"href":"https:\/\/alzira.es\/es\/wp-json\/wp\/v2\/media\/53145"}],"wp:attachment":[{"href":"https:\/\/alzira.es\/es\/wp-json\/wp\/v2\/media?parent=53149"}],"wp:term":[{"taxonomy":"category","embeddable":true,"href":"https:\/\/alzira.es\/es\/wp-json\/wp\/v2\/categories?post=53149"},{"taxonomy":"post_tag","embeddable":true,"href":"https:\/\/alzira.es\/es\/wp-json\/wp\/v2\/tags?post=53149"}],"curies":[{"name":"wp","href":"https:\/\/api.w.org\/{rel}","templated":true}]}}