{"id":53144,"date":"2020-12-30T14:29:52","date_gmt":"2020-12-30T13:29:52","guid":{"rendered":"https:\/\/alzira.es\/pla-asiste-3-2\/"},"modified":"2020-12-30T14:29:52","modified_gmt":"2020-12-30T13:29:52","slug":"pla-asiste-3-2","status":"publish","type":"post","link":"https:\/\/alzira.es\/es\/pla-asiste-3-2\/","title":{"rendered":"Alzira presenta el Pla ASISTE III amb 2,8 milions d\u2019euros per a fer front a la crisi de la Covid-19"},"content":{"rendered":"<p><strong>Hui s&#8217;ha presentat en roda de premsa l&#8217;actualitzaci\u00f3 del pla ASISTE III<\/strong>, <em>el recull de mesures estrat\u00e8giques aplicades per l&#8217;Ajuntament d&#8217;Alzira des de l&#8217;inici de la crisi per a fer front a la Covid-19 tant des del punt de vista social, cultural, sanitari com tributari per a les persones i empreses<\/em>. Es tracta d&#8217;un pla que aposta per la ciutadania, concebut de manera transversal, sostingut amb la suficient dotaci\u00f3 econ\u00f2mica i amb la llibertat d&#8217;adaptar-se, actualitzar-se o incrementar-se en funci\u00f3 de les circumst\u00e0ncies.<\/p>\n<p>L&#8217;alcalde d&#8217;Alzira, <strong>Diego G\u00f3mez<\/strong>, ha estat l&#8217;encarregat d&#8217;explicar les actualitzacions i noves xifres reflectides a la tercera publicaci\u00f3 d&#8217;este document.<\/p>\n<p><em>\u00abDes d&#8217;este Ajuntament volem estar preparats i donar resposta a les incerteses que assenyalen els indicadors i les previsions, respecte a la incid\u00e8ncia de la COVID el pr\u00f2xim 2021, i \u00e9s per aix\u00f2 ens hem esfor\u00e7at per a aprovar el Pressupost per l&#8217;any que ve en el plenari del passat novembre, i previndre aix\u00ed possibles modificacions si escauen i comptar alhora amb un marc econ\u00f2mic referencial per a donar continu\u00eftat al Pla ASISTE.\u00bb<\/em>, assegura l&#8217;alcalde, <strong>Diego G\u00f3mez<\/strong>.<\/p>\n<p>En esta darrera actualitzaci\u00f3, d&#8217;una inversi\u00f3 inicial amb qu\u00e8 es comptava en maig de prop d&#8217;1,7 milions d&#8217;euros, es passa en desembre a <strong>2.831.158,24 euros<\/strong> destinats a fer front a l&#8217;impacte de la crisi derivada de la COVID en sis \u00e0rees diferenciades amb qu\u00e8 donar resposta a la ciutadania alzirenya i amb especial atenci\u00f3, a aquelles persones, fam\u00edlies i comer\u00e7os en els quals els efectes s\u00f3n m\u00e9s devastadors.<\/p>\n<p><em>Dins d&#8217;este paquet de mesures s&#8217;ha treballat en projectes com el Pla d&#8217;Ocupaci\u00f3 Social<\/em>, <em>per a la contractaci\u00f3 de persones aturades<\/em>, <em>les campanyes de suport al comer\u00e7 entre les quals trobem els bons d&#8217;ajuda o la plataforma de venda en l\u00ednia<\/em> <a href=\"https:\/\/alziraescomercio.com\/es\/\" target=\"_blank\" rel=\"noopener\">alziraescomercio.com<\/a>, <em>beques Aula Mentor<\/em>, <em>ajudes per a la reactivaci\u00f3 econ\u00f2mica per als negocis de la ciutat<\/em>, <em>els convenis amb entitats socials com Creu Roja<\/em>, <em>Fundaci\u00f3 Novaterra o Norte Perdido<\/em>,<em> i el fons solidari per a alimentaci\u00f3 infantil SOM ALZIRA<\/em>.<\/p>\n<p><span style=\"text-decoration: underline;\">Es tracta d&#8217;inversions o mesures fiscals, estructurades en 6 blocs<\/span>: conting\u00e8ncia sanit\u00e0ria i seguretat p\u00fablica, de car\u00e0cter social i assistencial, promoci\u00f3 econ\u00f2mica i impuls comercial i ocupacional, implantaci\u00f3 del teletreball, de car\u00e0cter cultural i tribut\u00e0ries. D&#8217;esta manera, es preveuen, d&#8217;una banda, mesures per a garantir el benestar de la ciutadania, i protegir la seua salut com a b\u00e9 m\u00e9s preuat. D&#8217;altra, les que tenen per objecte minimitzar el perjudici econ\u00f2mic que la crisi ha provocat en els ciutadans, les fam\u00edlies i, especialment, els comer\u00e7os d&#8217;Alzira, en la seua majoria empreses familiars i de proximitat.<\/p>\n<p>\u2022 Mesures de <strong>conting\u00e8ncia sanit\u00e0ria i seguretat p\u00fablica<\/strong>: 319.248,40 euros.<br \/>\u2022 Mesures de <strong>car\u00e0cter social i assistencial<\/strong>: 772.265,11 euros.<br \/>\u2022 Mesures de <strong>promoci\u00f3 econ\u00f2mica<\/strong>,<strong> impuls comercial i ocupaci\u00f3<\/strong>: 1.065.122,59&nbsp;euros.<br \/>\u2022 Mesures per a la <strong>implantaci\u00f3 del teletreball<\/strong>: 55.585,61 euros.<br \/>\u2022 Mesures de <strong>car\u00e0cter tributari<\/strong>: 600.714,43 euros.<br \/>\u2022 Mesures de <strong>car\u00e0cter cultural<\/strong>:&nbsp;18.222,10 euros.<\/p>\n<p>M\u00e9s info: <a href=\"https:\/\/alzira.es\/wp-content\/uploads\/2020\/12\/Pla-ASISTE-III.pdf\" target=\"_blank\" rel=\"noopener\">accedix al document<\/a><\/p>\n<p><img fetchpriority=\"high\" decoding=\"async\" width=\"1024\" height=\"731\" class=\" size-full wp-image-53139\" src=\"https:\/\/alzira.es\/wp-content\/uploads\/2020\/12\/pla_asiste_2.jpeg\" alt=\"pla asiste 2\" srcset=\"https:\/\/alzira.es\/wp-content\/uploads\/2020\/12\/pla_asiste_2.jpeg 1024w, https:\/\/alzira.es\/wp-content\/uploads\/2020\/12\/pla_asiste_2-680x485.jpeg 680w, https:\/\/alzira.es\/wp-content\/uploads\/2020\/12\/pla_asiste_2-768x548.jpeg 768w\" sizes=\"(max-width: 706px) 89vw, (max-width: 767px) 82vw, 740px\" \/><\/p>\n","protected":false},"excerpt":{"rendered":"<p>Hui s&#8217;ha presentat en roda de premsa l&#8217;actualitzaci\u00f3 del pla ASISTE III, el recull de mesures estrat\u00e8giques aplicades per l&#8217;Ajuntament d&#8217;Alzira des de l&#8217;inici de la crisi per a fer front a la Covid-19 tant des del punt de vista social, cultural, sanitari com tributari per a les persones i empreses. Es tracta d&#8217;un pla &hellip; <\/p>\n<p class=\"link-more\"><a href=\"https:\/\/alzira.es\/es\/pla-asiste-3-2\/\" class=\"more-link\">Continuar leyendo<span class=\"screen-reader-text\"> \u00abAlzira presenta el Pla ASISTE III amb 2,8 milions d\u2019euros per a fer front a la crisi de la Covid-19\u00bb<\/span><\/a><\/p>\n","protected":false},"author":29,"featured_media":0,"comment_status":"","ping_status":"","sticky":false,"template":"","format":"standard","meta":{"_acf_changed":false,"footnotes":""},"categories":[],"tags":[],"class_list":["post-53144","post","type-post","status-publish","format-standard","hentry"],"acf":[],"_links":{"self":[{"href":"https:\/\/alzira.es\/es\/wp-json\/wp\/v2\/posts\/53144","targetHints":{"allow":["GET"]}}],"collection":[{"href":"https:\/\/alzira.es\/es\/wp-json\/wp\/v2\/posts"}],"about":[{"href":"https:\/\/alzira.es\/es\/wp-json\/wp\/v2\/types\/post"}],"author":[{"embeddable":true,"href":"https:\/\/alzira.es\/es\/wp-json\/wp\/v2\/users\/29"}],"replies":[{"embeddable":true,"href":"https:\/\/alzira.es\/es\/wp-json\/wp\/v2\/comments?post=53144"}],"version-history":[{"count":0,"href":"https:\/\/alzira.es\/es\/wp-json\/wp\/v2\/posts\/53144\/revisions"}],"wp:attachment":[{"href":"https:\/\/alzira.es\/es\/wp-json\/wp\/v2\/media?parent=53144"}],"wp:term":[{"taxonomy":"category","embeddable":true,"href":"https:\/\/alzira.es\/es\/wp-json\/wp\/v2\/categories?post=53144"},{"taxonomy":"post_tag","embeddable":true,"href":"https:\/\/alzira.es\/es\/wp-json\/wp\/v2\/tags?post=53144"}],"curies":[{"name":"wp","href":"https:\/\/api.w.org\/{rel}","templated":true}]}}