{"id":53143,"date":"2020-12-30T14:29:52","date_gmt":"2020-12-30T13:29:52","guid":{"rendered":"https:\/\/alzira.es\/pla-asiste-3\/"},"modified":"2020-12-30T14:29:52","modified_gmt":"2020-12-30T13:29:52","slug":"pla-asiste-3","status":"publish","type":"post","link":"https:\/\/alzira.es\/es\/pla-asiste-3\/","title":{"rendered":"Alzira presenta el Plan ASISTE III con 2,8 millones de euros para hacer frente a la crisis de la Covid-19"},"content":{"rendered":"<p><strong>Hoy se ha presentado en rueda de prensa la actualizaci\u00f3n del plan ASISTE III<\/strong>, <em>la compilaci\u00f3n de medidas estrat\u00e9gicas aplicadas por el Ayuntamiento de Alzira desde el inicio de la crisis para hacer frente a la Covid-19 tanto desde el punto de vista social, cultural, sanitario como tributario para las personas y empresas<\/em>. Se trata de un plan que apuesta por la ciudadan\u00eda, concebido de manera transversal, sostenido con la suficiente dotaci\u00f3n econ\u00f3mica y con la libertad de adaptarse, actualizarse o incrementarse en funci\u00f3n de las circunstancias.<\/p>\n<p>El alcalde de Alzira, <strong>Diego G\u00f3mez<\/strong>, ha sido el encargado de explicar las actualizaciones y nuevas cifras reflejadas en la tercera publicaci\u00f3n de este documento.<\/p>\n<p><em>\u00abDesde este Ayuntamiento queremos estar preparados y dar respuesta a las incertidumbres que se\u00f1alan los indicadores y las previsiones, respecto a la incidencia de la COVID el pr\u00f3ximo 2021, y es por eso nos hemos esforzado para aprobar el Presupuesto por el a\u00f1o que viene en el plenario del pasado noviembre, y prevenir as\u00ed posibles modificaciones si proceden y contar a la vez con un marco econ\u00f3mico referencial para dar continuidad en el Plan ASISTE.\u00bb<\/em>, asegura el alcalde, <strong>Diego G\u00f3mez<\/strong>.<\/p>\n<p>En esta \u00faltima actualizaci\u00f3n, de una inversi\u00f3n inicial con que se contaba en mayo de cerca de 1,7 millones de euros, se pasa en diciembre a <strong>2.831.158,24 euros<\/strong> destinados a hacer frente al impacto de la crisis derivada de la COVID en seis \u00e1reas diferenciadas con qu\u00e9 dar respuesta a la ciudadan\u00eda alzire\u00f1a y con especial atenci\u00f3n, a aquellas personas, familias y comercios en los cuales los efectos son m\u00e1s devastadores.<\/p>\n<p><em>Dentro de este paquete de medidas se ha trabajado en proyectos como el Plan de Ocupaci\u00f3n Social, para la contrataci\u00f3n de personas paradas, las campa\u00f1as de apoyo al comercio entre las cuales encontramos los bonos de ayuda o la plataforma de venta en linea<\/em> <a href=\"https:\/\/alziraescomercio.com\/es\/\" target=\"_blank\" rel=\"noopener\">alziraescomercio.com<\/a>, <em>becas Aula Mentor<\/em>, <em>ayudas para la reactivaci\u00f3n econ\u00f3mica para los negocios de la ciudad<\/em>, <em>los convenios con entidades sociales como Cruz Roja<\/em>, <em>Fundaci\u00f3n Novaterra o Norte Perdido<\/em>, <em>y el fondo solidario para alimentaci\u00f3n infantil SOMOS ALZIRA<\/em>.<\/p>\n<p><span style=\"text-decoration: underline;\">Se trata de inversiones o medidas fiscales, estructuradas en 6 bloques<\/span>: contingencia sanitaria y seguridad p\u00fablica, de car\u00e1cter social y asistencial, promoci\u00f3n econ\u00f3mica e impulso comercial y ocupacional, implantaci\u00f3n del teletrabajo, de car\u00e1cter cultural y tributarias. De esta manera, se prev\u00e9n, por un lado, medidas para garantizar el bienestar de la ciudadan\u00eda, y proteger su salud como bien m\u00e1s preciado. De otra, las que tienen por objeto minimizar el perjuicio econ\u00f3mico que la crisis ha provocado en los ciudadanos, las familias y, especialmente, los comercios de Alzira, en su mayor\u00eda emprendidas familiares y de proximidad.<\/p>\n<p>\u2022 Medidas de <strong>contingencia sanitaria y seguridad p\u00fablica<\/strong>: 319.248,40 euros.<br \/>\u2022 Medidas de <strong>car\u00e1cter social y asistencial<\/strong>: 772.265,11 euros.<br \/>\u2022 Medidas de <strong>promoci\u00f3n econ\u00f3mica<\/strong>,<strong> impulso comercial y ocupaci\u00f3n<\/strong>: 1.065.122,59&nbsp;euros.<br \/>\u2022 Medidas para la <strong>implantaci\u00f3n del teletrabajo<\/strong>: 55.585,61 euros.<br \/>\u2022 Medidas de <strong>car\u00e1cter tributario<\/strong>: 600.714,43 euros.<br \/>\u2022 Medidas de <strong>car\u00e1cter cultural<\/strong>:&nbsp;18.222,10 euros.<\/p>\n<p>M\u00e1s info: <a href=\"https:\/\/alzira.es\/wp-content\/uploads\/2020\/12\/Pla-ASISTE-III.pdf\" target=\"_blank\" rel=\"noopener\">accede al documento<\/a><\/p>\n<p><img fetchpriority=\"high\" decoding=\"async\" width=\"1024\" height=\"731\" class=\" size-full wp-image-53139\" src=\"https:\/\/alzira.es\/wp-content\/uploads\/2020\/12\/pla_asiste_2.jpeg\" alt=\"pla asiste 2\" srcset=\"https:\/\/alzira.es\/wp-content\/uploads\/2020\/12\/pla_asiste_2.jpeg 1024w, https:\/\/alzira.es\/wp-content\/uploads\/2020\/12\/pla_asiste_2-680x485.jpeg 680w, https:\/\/alzira.es\/wp-content\/uploads\/2020\/12\/pla_asiste_2-768x548.jpeg 768w\" sizes=\"(max-width: 706px) 89vw, (max-width: 767px) 82vw, 740px\" \/><\/p>\n","protected":false},"excerpt":{"rendered":"<p>Hoy se ha presentado en rueda de prensa la actualizaci\u00f3n del plan ASISTE III, la compilaci\u00f3n de medidas estrat\u00e9gicas aplicadas por el Ayuntamiento de Alzira desde el inicio de la crisis para hacer frente a la Covid-19 tanto desde el punto de vista social, cultural, sanitario como tributario para las personas y empresas. Se trata &hellip; <\/p>\n<p class=\"link-more\"><a href=\"https:\/\/alzira.es\/es\/pla-asiste-3\/\" class=\"more-link\">Continuar leyendo<span class=\"screen-reader-text\"> \u00abAlzira presenta el Plan ASISTE III con 2,8 millones de euros para hacer frente a la crisis de la Covid-19\u00bb<\/span><\/a><\/p>\n","protected":false},"author":29,"featured_media":53139,"comment_status":"","ping_status":"","sticky":false,"template":"","format":"standard","meta":{"_acf_changed":false,"footnotes":""},"categories":[4936],"tags":[],"class_list":["post-53143","post","type-post","status-publish","format-standard","has-post-thumbnail","hentry","category-hemeroteca-es"],"acf":[],"_links":{"self":[{"href":"https:\/\/alzira.es\/es\/wp-json\/wp\/v2\/posts\/53143","targetHints":{"allow":["GET"]}}],"collection":[{"href":"https:\/\/alzira.es\/es\/wp-json\/wp\/v2\/posts"}],"about":[{"href":"https:\/\/alzira.es\/es\/wp-json\/wp\/v2\/types\/post"}],"author":[{"embeddable":true,"href":"https:\/\/alzira.es\/es\/wp-json\/wp\/v2\/users\/29"}],"replies":[{"embeddable":true,"href":"https:\/\/alzira.es\/es\/wp-json\/wp\/v2\/comments?post=53143"}],"version-history":[{"count":0,"href":"https:\/\/alzira.es\/es\/wp-json\/wp\/v2\/posts\/53143\/revisions"}],"wp:featuredmedia":[{"embeddable":true,"href":"https:\/\/alzira.es\/es\/wp-json\/wp\/v2\/media\/53139"}],"wp:attachment":[{"href":"https:\/\/alzira.es\/es\/wp-json\/wp\/v2\/media?parent=53143"}],"wp:term":[{"taxonomy":"category","embeddable":true,"href":"https:\/\/alzira.es\/es\/wp-json\/wp\/v2\/categories?post=53143"},{"taxonomy":"post_tag","embeddable":true,"href":"https:\/\/alzira.es\/es\/wp-json\/wp\/v2\/tags?post=53143"}],"curies":[{"name":"wp","href":"https:\/\/api.w.org\/{rel}","templated":true}]}}