{"id":53138,"date":"2020-12-30T08:31:52","date_gmt":"2020-12-30T07:31:52","guid":{"rendered":"https:\/\/alzira.es\/dades-covid-darrera-setmana-desembre-2\/"},"modified":"2020-12-30T08:31:52","modified_gmt":"2020-12-30T07:31:52","slug":"dades-covid-darrera-setmana-desembre-2","status":"publish","type":"post","link":"https:\/\/alzira.es\/es\/dades-covid-darrera-setmana-desembre-2\/","title":{"rendered":"Actualitzaci\u00f3 setmanal de dades  de la COVID"},"content":{"rendered":"<ul style=\"list-style-type: circle;\">\n<li>\n<h3><span>Baixada de les xifres de la passada setmana <\/span><\/h3>\n<\/li>\n<\/ul>\n<p><span>El Departament de Salut ha actualitzat les dades de casos positius a l\u2019\u00c0rea de Salut de la Ribera. En el cas d\u2019Alzira les xifres mostren una lleugera baixada de casos, hem passat de 363 a <strong>330 casos per cada 100.000 habitants<\/strong>. En total tenim 151 casos actius, en els \u00faltims tres dies, 20 casos nous.<\/span><\/p>\n<p><span>L\u2019alcalde,<strong> Diego G\u00f3mez,<\/strong> i la regidora de Sanitat, <strong>Gemma Al\u00f3s<\/strong>, manifesten que,<em> tot i la lleugera baixada, no cal abaixar la gu\u00e0rdia i continuar complint amb les mesures establertes. Amb les dates festives en qu\u00e8 estem, la temptaci\u00f3 de fer reunions socials i familiars \u00e9s gran per\u00f2 cal mantindre les mesures, perqu\u00e8, val m\u00e9s tindre una cadira buida uns dies que no lamentar que eixa mateixa cadira estiga buida per a sempre<\/em>.<\/span><\/p>\n<p><span><strong>Cal recordar en estes festes de Nadal la Generalitat ha decretat les mesures espec\u00edfiques seg\u00fcents fins al 15 de gener<\/strong>:<\/span><\/p>\n<p><span><strong>\u00b7<\/strong>&nbsp; Tancament perimetral de la Comunitat Valenciana excepte per als despla\u00e7aments degudament justificats.<\/span><\/p>\n<p><span><strong>\u00b7<\/strong>&nbsp; La limitaci\u00f3 de la llibertat de circulaci\u00f3 de les persones en horari nocturn, ser\u00e0 des de les 23.00 fins a les 6.00 hores, excepte les nits del 24 i 31 de desembre de 2020, en les quals la restricci\u00f3 de mobilitat comen\u00e7ar\u00e0 a les dotze de la nit, \u00fanicament per a permetre el retorn al domicili.<\/span><\/p>\n<p><span><strong>\u00b7&nbsp;<\/strong> Es limita a un m\u00e0xim de 6 persones les reunions sociofamiliars, excepte entre convivents. Es recomana que en estes reunions no se superen els dos grups de conviv\u00e8ncia.<\/span><\/p>\n<p><span>Pots consultar la resoluci\u00f3 completa <a title=\"Enlla\u00e7 a DOGV\" href=\"http:\/\/www.dogv.gva.es\/datos\/2020\/12\/19\/pdf\/2020_11094.pdf\" rel=\"nofollow noopener\" target=\"_blank\">ac\u00ed<\/a><\/span><\/p>\n<p><span><img fetchpriority=\"high\" decoding=\"async\" width=\"1600\" height=\"1200\" class=\" size-full wp-image-52812\" src=\"https:\/\/alzira.es\/wp-content\/uploads\/2020\/12\/2020_12_03_Salut_Publica_3.jpeg\" alt=\"2020 12 03 Salut P\u00fablica 3\" srcset=\"https:\/\/alzira.es\/wp-content\/uploads\/2020\/12\/2020_12_03_Salut_Publica_3.jpeg 1600w, https:\/\/alzira.es\/wp-content\/uploads\/2020\/12\/2020_12_03_Salut_Publica_3-680x510.jpeg 680w, https:\/\/alzira.es\/wp-content\/uploads\/2020\/12\/2020_12_03_Salut_Publica_3-1430x1072.jpeg 1430w, https:\/\/alzira.es\/wp-content\/uploads\/2020\/12\/2020_12_03_Salut_Publica_3-768x576.jpeg 768w, https:\/\/alzira.es\/wp-content\/uploads\/2020\/12\/2020_12_03_Salut_Publica_3-1536x1152.jpeg 1536w\" sizes=\"(max-width: 706px) 89vw, (max-width: 767px) 82vw, 740px\" \/><\/span><\/p>\n","protected":false},"excerpt":{"rendered":"<p>Baixada de les xifres de la passada setmana El Departament de Salut ha actualitzat les dades de casos positius a l\u2019\u00c0rea de Salut de la Ribera. En el cas d\u2019Alzira les xifres mostren una lleugera baixada de casos, hem passat de 363 a 330 casos per cada 100.000 habitants. En total tenim 151 casos actius, &hellip; <\/p>\n<p class=\"link-more\"><a href=\"https:\/\/alzira.es\/es\/dades-covid-darrera-setmana-desembre-2\/\" class=\"more-link\">Continuar leyendo<span class=\"screen-reader-text\"> \u00abActualitzaci\u00f3 setmanal de dades  de la COVID\u00bb<\/span><\/a><\/p>\n","protected":false},"author":29,"featured_media":52812,"comment_status":"","ping_status":"","sticky":false,"template":"","format":"standard","meta":{"_acf_changed":false,"footnotes":""},"categories":[],"tags":[],"class_list":["post-53138","post","type-post","status-publish","format-standard","has-post-thumbnail","hentry"],"acf":[],"_links":{"self":[{"href":"https:\/\/alzira.es\/es\/wp-json\/wp\/v2\/posts\/53138","targetHints":{"allow":["GET"]}}],"collection":[{"href":"https:\/\/alzira.es\/es\/wp-json\/wp\/v2\/posts"}],"about":[{"href":"https:\/\/alzira.es\/es\/wp-json\/wp\/v2\/types\/post"}],"author":[{"embeddable":true,"href":"https:\/\/alzira.es\/es\/wp-json\/wp\/v2\/users\/29"}],"replies":[{"embeddable":true,"href":"https:\/\/alzira.es\/es\/wp-json\/wp\/v2\/comments?post=53138"}],"version-history":[{"count":0,"href":"https:\/\/alzira.es\/es\/wp-json\/wp\/v2\/posts\/53138\/revisions"}],"wp:featuredmedia":[{"embeddable":true,"href":"https:\/\/alzira.es\/es\/wp-json\/wp\/v2\/media\/52812"}],"wp:attachment":[{"href":"https:\/\/alzira.es\/es\/wp-json\/wp\/v2\/media?parent=53138"}],"wp:term":[{"taxonomy":"category","embeddable":true,"href":"https:\/\/alzira.es\/es\/wp-json\/wp\/v2\/categories?post=53138"},{"taxonomy":"post_tag","embeddable":true,"href":"https:\/\/alzira.es\/es\/wp-json\/wp\/v2\/tags?post=53138"}],"curies":[{"name":"wp","href":"https:\/\/api.w.org\/{rel}","templated":true}]}}