{"id":53137,"date":"2020-12-30T08:31:52","date_gmt":"2020-12-30T07:31:52","guid":{"rendered":"https:\/\/alzira.es\/dades-covid-darrera-setmana-desembre\/"},"modified":"2020-12-30T08:31:52","modified_gmt":"2020-12-30T07:31:52","slug":"dades-covid-darrera-setmana-desembre","status":"publish","type":"post","link":"https:\/\/alzira.es\/es\/dades-covid-darrera-setmana-desembre\/","title":{"rendered":"Actualizaci\u00f3n semanal de datos  de la COVID"},"content":{"rendered":"<ul style=\"list-style-type: circle;\">\n<li>\n<h3>Bajada de las cifras de la pasada semana<\/h3>\n<p>El Departamento de Salud ha actualizado los datos de casos positivos al \u00e1rea de Salud de la Ribera. En el caso de Alzira las cifras muestran una ligera bajada de casos, hemos pasado de 363 a <strong>330 casos por cada 100.000 habitantes<\/strong>. En total tenemos 151 casos activos, en los \u00faltimos tres d\u00edas, 20 casos nuevos.<\/p>\n<p>El alcalde, <strong>Diego G\u00f3mez<\/strong>, y la regidora de Sanidad, <strong>Gemma Al\u00f3s<\/strong>, manifiestan que,<em> todo y la ligera bajada, no hay que bajar la guardia y continuar cumpliendo con las medidas establecidas. Con las fechas festivas en que estamos, la tentaci\u00f3n de hacer reuniones sociales y familiares es grande pero hay que mantener las medidas, porque, vale m\u00e1s tener una silla vac\u00eda unos d\u00edas que no lamentar que esa misma silla est\u00e9 vac\u00eda para siempre<\/em>.<\/p>\n<p><strong>Hay que recordar en estas fiestas de Navidad la Generalitat ha decretado las medidas espec\u00edficas siguientes hasta el 15 de enero<\/strong>:<\/p>\n<p><strong>\u00b7<\/strong> Cierre perimetral de la Comunidad Valenciana excepto para los desplazamientos debidamente justificados.<\/p>\n<p><strong>\u00b7<\/strong> La limitaci\u00f3n de la libertad de circulaci\u00f3n de las personas en horario nocturno, ser\u00e1 desde las 23.00 hasta las 6.00 horas, excepto las noches del 24 y 31 de diciembre de 2020, en las cuales la restricci\u00f3n de movilidad empezar\u00e1 a las doce de la noche, \u00fanicamente para permitir el retorno al domicilio.<\/p>\n<p><strong>\u00b7<\/strong> Se limita a un m\u00e1ximo de 6 personas las reuniones sociofamiliares, excepto entre convivientes. Se recomienda que en estas reuniones no se superan los dos grupos de convivencia.<\/p>\n<p>Puedes consultar la resoluci\u00f3n completa <a href=\"http:\/\/www.dogv.gva.es\/datos\/2020\/12\/19\/pdf\/2020_11094.pdf\" target=\"_blank\" rel=\"noopener\">aqu\u00ed<\/a><\/p>\n<\/li>\n<\/ul>\n<p><span><img fetchpriority=\"high\" decoding=\"async\" width=\"1600\" height=\"1200\" class=\" size-full wp-image-52812\" src=\"https:\/\/alzira.es\/wp-content\/uploads\/2020\/12\/2020_12_03_Salut_Publica_3.jpeg\" alt=\"2020 12 03 Salut P\u00fablica 3\" srcset=\"https:\/\/alzira.es\/wp-content\/uploads\/2020\/12\/2020_12_03_Salut_Publica_3.jpeg 1600w, https:\/\/alzira.es\/wp-content\/uploads\/2020\/12\/2020_12_03_Salut_Publica_3-680x510.jpeg 680w, https:\/\/alzira.es\/wp-content\/uploads\/2020\/12\/2020_12_03_Salut_Publica_3-1430x1072.jpeg 1430w, https:\/\/alzira.es\/wp-content\/uploads\/2020\/12\/2020_12_03_Salut_Publica_3-768x576.jpeg 768w, https:\/\/alzira.es\/wp-content\/uploads\/2020\/12\/2020_12_03_Salut_Publica_3-1536x1152.jpeg 1536w\" sizes=\"(max-width: 706px) 89vw, (max-width: 767px) 82vw, 740px\" \/><\/span><\/p>\n","protected":false},"excerpt":{"rendered":"<p>Bajada de las cifras de la pasada semana El Departamento de Salud ha actualizado los datos de casos positivos al \u00e1rea de Salud de la Ribera. En el caso de Alzira las cifras muestran una ligera bajada de casos, hemos pasado de 363 a 330 casos por cada 100.000 habitantes. En total tenemos 151 casos &hellip; <\/p>\n<p class=\"link-more\"><a href=\"https:\/\/alzira.es\/es\/dades-covid-darrera-setmana-desembre\/\" class=\"more-link\">Continuar leyendo<span class=\"screen-reader-text\"> \u00abActualizaci\u00f3n semanal de datos  de la COVID\u00bb<\/span><\/a><\/p>\n","protected":false},"author":29,"featured_media":52812,"comment_status":"","ping_status":"","sticky":false,"template":"","format":"standard","meta":{"_acf_changed":false,"footnotes":""},"categories":[4936],"tags":[],"class_list":["post-53137","post","type-post","status-publish","format-standard","has-post-thumbnail","hentry","category-hemeroteca-es"],"acf":[],"_links":{"self":[{"href":"https:\/\/alzira.es\/es\/wp-json\/wp\/v2\/posts\/53137","targetHints":{"allow":["GET"]}}],"collection":[{"href":"https:\/\/alzira.es\/es\/wp-json\/wp\/v2\/posts"}],"about":[{"href":"https:\/\/alzira.es\/es\/wp-json\/wp\/v2\/types\/post"}],"author":[{"embeddable":true,"href":"https:\/\/alzira.es\/es\/wp-json\/wp\/v2\/users\/29"}],"replies":[{"embeddable":true,"href":"https:\/\/alzira.es\/es\/wp-json\/wp\/v2\/comments?post=53137"}],"version-history":[{"count":0,"href":"https:\/\/alzira.es\/es\/wp-json\/wp\/v2\/posts\/53137\/revisions"}],"wp:featuredmedia":[{"embeddable":true,"href":"https:\/\/alzira.es\/es\/wp-json\/wp\/v2\/media\/52812"}],"wp:attachment":[{"href":"https:\/\/alzira.es\/es\/wp-json\/wp\/v2\/media?parent=53137"}],"wp:term":[{"taxonomy":"category","embeddable":true,"href":"https:\/\/alzira.es\/es\/wp-json\/wp\/v2\/categories?post=53137"},{"taxonomy":"post_tag","embeddable":true,"href":"https:\/\/alzira.es\/es\/wp-json\/wp\/v2\/tags?post=53137"}],"curies":[{"name":"wp","href":"https:\/\/api.w.org\/{rel}","templated":true}]}}