{"id":53136,"date":"2021-01-08T08:00:00","date_gmt":"2021-01-08T07:00:00","guid":{"rendered":"https:\/\/alzira.es\/seleccio-docents-cursos-fpo-2020\/"},"modified":"2021-01-08T08:00:00","modified_gmt":"2021-01-08T07:00:00","slug":"seleccio-docents-cursos-fpo-2020","status":"publish","type":"post","link":"https:\/\/alzira.es\/es\/seleccio-docents-cursos-fpo-2020\/","title":{"rendered":"SELECCI\u00d3 DOCENTS CURSOS FPO 2020"},"content":{"rendered":"<p style=\"text-align: justify;\"><span style=\"color: #ff6600;\"><strong>SELECCI\u00d3 DOCENTS CURSOS FPO 2020<\/strong><\/span><\/p>\n<p style=\"text-align: justify;\">Oberta la convocat\u00f2ria per a seleccionar als docents dels cursos de Formaci\u00f3 Professional per a l&#8217;Ocupaci\u00f3 2020-2021: Cuina i Serveis de Bar i Cafeteria.<\/p>\n<p>Termini presentaci\u00f3 de sol\u00b7licituds: del <strong>30 de desembre de 2020 al 8 de gener de 2021 (tots dos inclosos)<\/strong>.<\/p>\n<p>M\u00e9s informaci\u00f3<span style=\"font-size: 14.4px;\">: <\/span><a href=\"https:\/\/www.idea-alzira.com\/fpe\" target=\"_blank\" rel=\"noopener\"><em style=\"font-size: 14.4px;\"><strong>https:\/\/www.idea-alzira.com\/fpe<\/strong><\/em><\/a><a href=\"https:\/\/www.idea-alzira.com\/fpe\" target=\"_blank\" rel=\"noopener\"><br \/><\/a><\/p>\n<p style=\"text-align: center;\"><img fetchpriority=\"high\" decoding=\"async\" width=\"940\" height=\"788\" class=\" size-full wp-image-53133\" src=\"https:\/\/alzira.es\/wp-content\/uploads\/2021\/01\/IDEA_CURSOS_FPS_2020_BOTON.png\" alt=\"IDEA CURSOS FPS 2020 BOTON\" srcset=\"https:\/\/alzira.es\/wp-content\/uploads\/2021\/01\/IDEA_CURSOS_FPS_2020_BOTON.png 940w, https:\/\/alzira.es\/wp-content\/uploads\/2021\/01\/IDEA_CURSOS_FPS_2020_BOTON-680x570.png 680w, https:\/\/alzira.es\/wp-content\/uploads\/2021\/01\/IDEA_CURSOS_FPS_2020_BOTON-768x644.png 768w\" sizes=\"(max-width: 706px) 89vw, (max-width: 767px) 82vw, 740px\" \/><\/p>\n","protected":false},"excerpt":{"rendered":"<p>SELECCI\u00d3 DOCENTS CURSOS FPO 2020 Oberta la convocat\u00f2ria per a seleccionar als docents dels cursos de Formaci\u00f3 Professional per a l&#8217;Ocupaci\u00f3 2020-2021: Cuina i Serveis de Bar i Cafeteria. Termini presentaci\u00f3 de sol\u00b7licituds: del 30 de desembre de 2020 al 8 de gener de 2021 (tots dos inclosos). M\u00e9s informaci\u00f3: https:\/\/www.idea-alzira.com\/fpe<\/p>\n","protected":false},"author":29,"featured_media":53133,"comment_status":"","ping_status":"","sticky":false,"template":"","format":"standard","meta":{"_acf_changed":false,"footnotes":""},"categories":[],"tags":[],"class_list":["post-53136","post","type-post","status-publish","format-standard","has-post-thumbnail","hentry"],"acf":[],"_links":{"self":[{"href":"https:\/\/alzira.es\/es\/wp-json\/wp\/v2\/posts\/53136","targetHints":{"allow":["GET"]}}],"collection":[{"href":"https:\/\/alzira.es\/es\/wp-json\/wp\/v2\/posts"}],"about":[{"href":"https:\/\/alzira.es\/es\/wp-json\/wp\/v2\/types\/post"}],"author":[{"embeddable":true,"href":"https:\/\/alzira.es\/es\/wp-json\/wp\/v2\/users\/29"}],"replies":[{"embeddable":true,"href":"https:\/\/alzira.es\/es\/wp-json\/wp\/v2\/comments?post=53136"}],"version-history":[{"count":0,"href":"https:\/\/alzira.es\/es\/wp-json\/wp\/v2\/posts\/53136\/revisions"}],"wp:featuredmedia":[{"embeddable":true,"href":"https:\/\/alzira.es\/es\/wp-json\/wp\/v2\/media\/53133"}],"wp:attachment":[{"href":"https:\/\/alzira.es\/es\/wp-json\/wp\/v2\/media?parent=53136"}],"wp:term":[{"taxonomy":"category","embeddable":true,"href":"https:\/\/alzira.es\/es\/wp-json\/wp\/v2\/categories?post=53136"},{"taxonomy":"post_tag","embeddable":true,"href":"https:\/\/alzira.es\/es\/wp-json\/wp\/v2\/tags?post=53136"}],"curies":[{"name":"wp","href":"https:\/\/api.w.org\/{rel}","templated":true}]}}