{"id":53132,"date":"2020-12-29T12:48:36","date_gmt":"2020-12-29T11:48:36","guid":{"rendered":"https:\/\/alzira.es\/portes-parc-alquenencia-2\/"},"modified":"2020-12-29T12:48:36","modified_gmt":"2020-12-29T11:48:36","slug":"portes-parc-alquenencia-2","status":"publish","type":"post","link":"https:\/\/alzira.es\/es\/portes-parc-alquenencia-2\/","title":{"rendered":"Les portes del parc de l\u2019Alquen\u00e8ncia entraran en \u00fas en 2021"},"content":{"rendered":"<p class=\"Standard\" style=\"margin-bottom: 14pt; text-align: justify;\"><span style=\"font-size: 11pt; font-family: Arial, sans-serif; color: black;\">Les portes d\u2019acc\u00e9s al parc de l\u2019Alquen\u00e8ncia, s\u2019instal\u00b7laren fa alguns anys sense que fins ara s\u2019haja pogut fer \u00fas d\u2019elles. Una de les prioritats de la Regidoria de Serveis Urbans \u00e9s la d\u2019anar esmenant tot all\u00f2 que necessita una intervenci\u00f3 per tal de deixar-ho en condicions i poder donar-li utilitat.<\/span><\/p>\n<p class=\"Standard\" style=\"margin-bottom: 14pt; text-align: justify;\"><span style=\"font-size: 11pt; font-family: Arial, sans-serif; color: black;\">Seguint este criteri ha aplegat el torn d\u2019intervindre en les portes del parc. Despr\u00e9s de la reparaci\u00f3 de totes elles podran realitzar la funci\u00f3 per a la qual van ser instal\u00b7lades, <strong>obrir i tancar el recinte, a partir de 2021<\/strong>.<\/span><\/p>\n<p class=\"Standard\" style=\"margin-bottom: 14pt; text-align: justify;\"><span style=\"font-size: 11pt; font-family: Arial, sans-serif; color: black;\"><em>\u00abAmb el tancament del parc a les deu de la nit perseguim minimitzar certes pr\u00e0ctiques que fins ara venen produint-se aprofitant que \u00e9s una zona tranquil\u00b7la i poc transitada a la nit\u00bb<\/em>, ha destacat <strong>Fernando Pascual<\/strong>, regidor de Serveis Urbans.<\/span><\/p>\n<p class=\"Standard\" style=\"text-align: justify;\"><span style=\"font-size: 11pt; font-family: Arial, sans-serif; color: black;\">Des de l\u2019inici de la legislatura anterior, en 2015, el parc ha sofrit diverses intervencions en els seus parterres per tal de millorar l\u2019arbratge que convetix este recinte en el gran pulm\u00f3 verd de la nostra ciutat. Amb el tancament nocturn del parc els t\u00e8cnics encarregats de la supervisi\u00f3 del mateix consideren que es podr\u00e0 preservar molt millor l\u2019abundant vegetaci\u00f3 que alberga.<\/span><\/p>\n<p class=\"Standard\" style=\"text-align: justify;\"><span style=\"font-size: 11pt; font-family: Arial, sans-serif; color: black;\"><img fetchpriority=\"high\" decoding=\"async\" width=\"1600\" height=\"1200\" class=\" size-full wp-image-53127\" src=\"https:\/\/alzira.es\/wp-content\/uploads\/2020\/12\/portes_3.jpg\" alt=\"portes 3\" srcset=\"https:\/\/alzira.es\/wp-content\/uploads\/2020\/12\/portes_3.jpg 1600w, https:\/\/alzira.es\/wp-content\/uploads\/2020\/12\/portes_3-680x510.jpg 680w, https:\/\/alzira.es\/wp-content\/uploads\/2020\/12\/portes_3-1430x1072.jpg 1430w, https:\/\/alzira.es\/wp-content\/uploads\/2020\/12\/portes_3-768x576.jpg 768w, https:\/\/alzira.es\/wp-content\/uploads\/2020\/12\/portes_3-1536x1152.jpg 1536w\" sizes=\"(max-width: 706px) 89vw, (max-width: 767px) 82vw, 740px\" \/><\/span><\/p>\n<p class=\"Standard\" style=\"text-align: justify;\"><img decoding=\"async\" width=\"1600\" height=\"1200\" class=\"size-full wp-image-53129 lazyload\" data-src=\"https:\/\/alzira.es\/wp-content\/uploads\/2020\/12\/portes_1.jpg\" alt=\"portes 1\" data-srcset=\"https:\/\/alzira.es\/wp-content\/uploads\/2020\/12\/portes_1.jpg 1600w, https:\/\/alzira.es\/wp-content\/uploads\/2020\/12\/portes_1-680x510.jpg 680w, https:\/\/alzira.es\/wp-content\/uploads\/2020\/12\/portes_1-1430x1072.jpg 1430w, https:\/\/alzira.es\/wp-content\/uploads\/2020\/12\/portes_1-768x576.jpg 768w, https:\/\/alzira.es\/wp-content\/uploads\/2020\/12\/portes_1-1536x1152.jpg 1536w\" data-sizes=\"(max-width: 706px) 89vw, (max-width: 767px) 82vw, 740px\" src=\"data:image\/svg+xml;base64,PHN2ZyB3aWR0aD0iMSIgaGVpZ2h0PSIxIiB4bWxucz0iaHR0cDovL3d3dy53My5vcmcvMjAwMC9zdmciPjwvc3ZnPg==\" style=\"--smush-placeholder-width: 1600px; --smush-placeholder-aspect-ratio: 1600\/1200;\" \/><\/p>\n","protected":false},"excerpt":{"rendered":"<p>Les portes d\u2019acc\u00e9s al parc de l\u2019Alquen\u00e8ncia, s\u2019instal\u00b7laren fa alguns anys sense que fins ara s\u2019haja pogut fer \u00fas d\u2019elles. Una de les prioritats de la Regidoria de Serveis Urbans \u00e9s la d\u2019anar esmenant tot all\u00f2 que necessita una intervenci\u00f3 per tal de deixar-ho en condicions i poder donar-li utilitat. Seguint este criteri ha aplegat &hellip; <\/p>\n<p class=\"link-more\"><a href=\"https:\/\/alzira.es\/es\/portes-parc-alquenencia-2\/\" class=\"more-link\">Continuar leyendo<span class=\"screen-reader-text\"> \u00abLes portes del parc de l\u2019Alquen\u00e8ncia entraran en \u00fas en 2021\u00bb<\/span><\/a><\/p>\n","protected":false},"author":29,"featured_media":53127,"comment_status":"","ping_status":"","sticky":false,"template":"","format":"standard","meta":{"_acf_changed":false,"footnotes":""},"categories":[],"tags":[],"class_list":["post-53132","post","type-post","status-publish","format-standard","has-post-thumbnail","hentry"],"acf":[],"_links":{"self":[{"href":"https:\/\/alzira.es\/es\/wp-json\/wp\/v2\/posts\/53132","targetHints":{"allow":["GET"]}}],"collection":[{"href":"https:\/\/alzira.es\/es\/wp-json\/wp\/v2\/posts"}],"about":[{"href":"https:\/\/alzira.es\/es\/wp-json\/wp\/v2\/types\/post"}],"author":[{"embeddable":true,"href":"https:\/\/alzira.es\/es\/wp-json\/wp\/v2\/users\/29"}],"replies":[{"embeddable":true,"href":"https:\/\/alzira.es\/es\/wp-json\/wp\/v2\/comments?post=53132"}],"version-history":[{"count":0,"href":"https:\/\/alzira.es\/es\/wp-json\/wp\/v2\/posts\/53132\/revisions"}],"wp:featuredmedia":[{"embeddable":true,"href":"https:\/\/alzira.es\/es\/wp-json\/wp\/v2\/media\/53127"}],"wp:attachment":[{"href":"https:\/\/alzira.es\/es\/wp-json\/wp\/v2\/media?parent=53132"}],"wp:term":[{"taxonomy":"category","embeddable":true,"href":"https:\/\/alzira.es\/es\/wp-json\/wp\/v2\/categories?post=53132"},{"taxonomy":"post_tag","embeddable":true,"href":"https:\/\/alzira.es\/es\/wp-json\/wp\/v2\/tags?post=53132"}],"curies":[{"name":"wp","href":"https:\/\/api.w.org\/{rel}","templated":true}]}}