{"id":53131,"date":"2020-12-29T12:48:36","date_gmt":"2020-12-29T11:48:36","guid":{"rendered":"https:\/\/alzira.es\/portes-parc-alquenencia\/"},"modified":"2020-12-29T12:48:36","modified_gmt":"2020-12-29T11:48:36","slug":"portes-parc-alquenencia","status":"publish","type":"post","link":"https:\/\/alzira.es\/es\/portes-parc-alquenencia\/","title":{"rendered":"Las puertas del parque del Alquen\u00e8ncia entrar\u00e1n en uso en 2021"},"content":{"rendered":"<p class=\"Standard\" style=\"margin-bottom: 14pt; text-align: justify;\">Las puertas de acceso en el parque del Alquen\u00e8ncia, se instalaron hace algunos a\u00f1os sin que hasta ahora se haya podido hacer uso de ellas. Una de las prioridades de la Concejal\u00eda de Servicios Urbanos es la de ir enmendando todo aquello que necesita una intervenci\u00f3n para dejarlo en condiciones y poder darle utilidad.<\/p>\n<p>Siguiendo este criterio ha reunido el turno de intervenir en las puertas del parque. Despu\u00e9s de la reparaci\u00f3n de todas ellas podr\u00e1n realizar la funci\u00f3n para la cual fueron instaladas, <strong>abrir y cerrar el recinto<\/strong>,<strong> a partir de 2021<\/strong>.<\/p>\n<p><em>\u00abCon el cierre del parque a las diez de la noche perseguimos minimizar ciertas pr\u00e1cticas que hasta ahora vienen produci\u00e9ndose aprovechando que es una zona tranquila y poco transitada por la noche\u00bb<\/em>, ha destacado <strong>Fernando Pascual<\/strong>, regidor de Servicios Urbanos.<\/p>\n<p>Desde el inicio de la legislatura anterior, en 2015, el parque ha sufrido varias intervenciones en sus parterres para mejorar el arbolado que convierte este recinto en el gran pulm\u00f3n verde de nuestra ciudad. Con el cierre nocturno del parque los t\u00e9cnicos encargados de la supervisi\u00f3n del mismo consideran que se podr\u00e1 preservar mucho mejor la abundante vegetaci\u00f3n que alberga.<\/p>\n<p class=\"Standard\" style=\"text-align: justify;\"><span style=\"font-size: 11pt; font-family: Arial, sans-serif; color: black;\"><img fetchpriority=\"high\" decoding=\"async\" width=\"1600\" height=\"1200\" class=\" size-full wp-image-53127\" src=\"https:\/\/alzira.es\/wp-content\/uploads\/2020\/12\/portes_3.jpg\" alt=\"portes 3\" srcset=\"https:\/\/alzira.es\/wp-content\/uploads\/2020\/12\/portes_3.jpg 1600w, https:\/\/alzira.es\/wp-content\/uploads\/2020\/12\/portes_3-680x510.jpg 680w, https:\/\/alzira.es\/wp-content\/uploads\/2020\/12\/portes_3-1430x1072.jpg 1430w, https:\/\/alzira.es\/wp-content\/uploads\/2020\/12\/portes_3-768x576.jpg 768w, https:\/\/alzira.es\/wp-content\/uploads\/2020\/12\/portes_3-1536x1152.jpg 1536w\" sizes=\"(max-width: 706px) 89vw, (max-width: 767px) 82vw, 740px\" \/><\/span><\/p>\n<p class=\"Standard\" style=\"text-align: justify;\"><img decoding=\"async\" width=\"1600\" height=\"1200\" class=\"size-full wp-image-53129 lazyload\" data-src=\"https:\/\/alzira.es\/wp-content\/uploads\/2020\/12\/portes_1.jpg\" alt=\"portes 1\" data-srcset=\"https:\/\/alzira.es\/wp-content\/uploads\/2020\/12\/portes_1.jpg 1600w, https:\/\/alzira.es\/wp-content\/uploads\/2020\/12\/portes_1-680x510.jpg 680w, https:\/\/alzira.es\/wp-content\/uploads\/2020\/12\/portes_1-1430x1072.jpg 1430w, https:\/\/alzira.es\/wp-content\/uploads\/2020\/12\/portes_1-768x576.jpg 768w, https:\/\/alzira.es\/wp-content\/uploads\/2020\/12\/portes_1-1536x1152.jpg 1536w\" data-sizes=\"(max-width: 706px) 89vw, (max-width: 767px) 82vw, 740px\" src=\"data:image\/svg+xml;base64,PHN2ZyB3aWR0aD0iMSIgaGVpZ2h0PSIxIiB4bWxucz0iaHR0cDovL3d3dy53My5vcmcvMjAwMC9zdmciPjwvc3ZnPg==\" style=\"--smush-placeholder-width: 1600px; --smush-placeholder-aspect-ratio: 1600\/1200;\" \/><\/p>\n","protected":false},"excerpt":{"rendered":"<p>Las puertas de acceso en el parque del Alquen\u00e8ncia, se instalaron hace algunos a\u00f1os sin que hasta ahora se haya podido hacer uso de ellas. Una de las prioridades de la Concejal\u00eda de Servicios Urbanos es la de ir enmendando todo aquello que necesita una intervenci\u00f3n para dejarlo en condiciones y poder darle utilidad. Siguiendo &hellip; <\/p>\n<p class=\"link-more\"><a href=\"https:\/\/alzira.es\/es\/portes-parc-alquenencia\/\" class=\"more-link\">Continuar leyendo<span class=\"screen-reader-text\"> \u00abLas puertas del parque del Alquen\u00e8ncia entrar\u00e1n en uso en 2021\u00bb<\/span><\/a><\/p>\n","protected":false},"author":29,"featured_media":53127,"comment_status":"","ping_status":"","sticky":false,"template":"","format":"standard","meta":{"_acf_changed":false,"footnotes":""},"categories":[4936],"tags":[],"class_list":["post-53131","post","type-post","status-publish","format-standard","has-post-thumbnail","hentry","category-hemeroteca-es"],"acf":[],"_links":{"self":[{"href":"https:\/\/alzira.es\/es\/wp-json\/wp\/v2\/posts\/53131","targetHints":{"allow":["GET"]}}],"collection":[{"href":"https:\/\/alzira.es\/es\/wp-json\/wp\/v2\/posts"}],"about":[{"href":"https:\/\/alzira.es\/es\/wp-json\/wp\/v2\/types\/post"}],"author":[{"embeddable":true,"href":"https:\/\/alzira.es\/es\/wp-json\/wp\/v2\/users\/29"}],"replies":[{"embeddable":true,"href":"https:\/\/alzira.es\/es\/wp-json\/wp\/v2\/comments?post=53131"}],"version-history":[{"count":0,"href":"https:\/\/alzira.es\/es\/wp-json\/wp\/v2\/posts\/53131\/revisions"}],"wp:featuredmedia":[{"embeddable":true,"href":"https:\/\/alzira.es\/es\/wp-json\/wp\/v2\/media\/53127"}],"wp:attachment":[{"href":"https:\/\/alzira.es\/es\/wp-json\/wp\/v2\/media?parent=53131"}],"wp:term":[{"taxonomy":"category","embeddable":true,"href":"https:\/\/alzira.es\/es\/wp-json\/wp\/v2\/categories?post=53131"},{"taxonomy":"post_tag","embeddable":true,"href":"https:\/\/alzira.es\/es\/wp-json\/wp\/v2\/tags?post=53131"}],"curies":[{"name":"wp","href":"https:\/\/api.w.org\/{rel}","templated":true}]}}