{"id":53126,"date":"2020-12-28T17:49:17","date_gmt":"2020-12-28T16:49:17","guid":{"rendered":"https:\/\/alzira.es\/incinerador-restes-funeraries-2\/"},"modified":"2020-12-28T17:49:17","modified_gmt":"2020-12-28T16:49:17","slug":"incinerador-restes-funeraries-2","status":"publish","type":"post","link":"https:\/\/alzira.es\/es\/incinerador-restes-funeraries-2\/","title":{"rendered":"El cementeri d\u2019Alzira disposa, d\u2019un incinerador per a la destrucci\u00f3 de restes funer\u00e0ries"},"content":{"rendered":"<p class=\"Textbody\" style=\"margin: 0cm 0cm 14pt; line-height: 18.4px; font-size: medium; font-family: 'Times New Roman', serif; color: #000000;\"><span style=\"color: #666666; font-family: Verdana, Arial, Helvetica, sans-serif; font-size: 14.4px;\">Al cementeri d&#8217;Alzira s&#8217;ha posat en marxa l&#8217;incinerador de restes, la qual cosa facilita la destrucci\u00f3 dels ta\u00fcts procedents de la realitzaci\u00f3 de restes.<\/span><\/p>\n<p>Els operaris utilitzen trages de protecci\u00f3 especial a l&#8217;hora de tractar els components que manipulen per a incinerar, a m\u00e9s des de la Regidoria de Serveis Urbans, junt amb el departament de Prevenci\u00f3 de Riscos, s&#8217;ha realitzat el curset de formaci\u00f3 necessari a tot el personal del cementeri per a la correcta manipulaci\u00f3 de l&#8217;incinerador.Al cementeri d&#8217;Alzira s&#8217;ha posat en marxa l&#8217;incinerador de restes, la qual cosa facilita la destrucci\u00f3 dels ta\u00fcts procedents de la realitzaci\u00f3 de restes<\/p>\n<p><em>\u00abL&#8217;incinerador fa possible acabar amb la mala pr\u00e0ctica d&#8217;acumular ta\u00fcts en la part final del cementeri, aix\u00ed com amb la crema de les restes com es feia fins al 2015\u00bb<\/em>, segons ha incidit<strong> Fernando Pascual<\/strong>, regidor de Serveis Urbans.<\/p>\n<p>L&#8217;incinerador garantix la destrucci\u00f3 efica\u00e7 de les restes no humanes complint amb la normativa medi ambiental en vigor.<\/p>\n<p class=\"Standard\" style=\"margin: 0cm; font-size: medium; font-family: 'Times New Roman', serif; color: #000000; text-align: justify;\"><span style=\"font-size: 11pt; font-family: Arial, sans-serif;\" lang=\"CA\"><img fetchpriority=\"high\" decoding=\"async\" width=\"1600\" height=\"1200\" class=\" size-full wp-image-53121\" src=\"https:\/\/alzira.es\/wp-content\/uploads\/2020\/12\/cem_2.jpg\" alt=\"cem 2\" srcset=\"https:\/\/alzira.es\/wp-content\/uploads\/2020\/12\/cem_2.jpg 1600w, https:\/\/alzira.es\/wp-content\/uploads\/2020\/12\/cem_2-680x510.jpg 680w, https:\/\/alzira.es\/wp-content\/uploads\/2020\/12\/cem_2-1430x1072.jpg 1430w, https:\/\/alzira.es\/wp-content\/uploads\/2020\/12\/cem_2-768x576.jpg 768w, https:\/\/alzira.es\/wp-content\/uploads\/2020\/12\/cem_2-1536x1152.jpg 1536w\" sizes=\"(max-width: 706px) 89vw, (max-width: 767px) 82vw, 740px\" \/><\/span><\/p>\n<p class=\"Standard\" style=\"margin: 0cm; font-size: medium; font-family: 'Times New Roman', serif; color: #000000; text-align: justify;\"><img decoding=\"async\" width=\"1600\" height=\"1200\" class=\"size-full wp-image-53123 lazyload\" data-src=\"https:\/\/alzira.es\/wp-content\/uploads\/2020\/12\/cem_3.jpg\" alt=\"cem 3\" data-srcset=\"https:\/\/alzira.es\/wp-content\/uploads\/2020\/12\/cem_3.jpg 1600w, https:\/\/alzira.es\/wp-content\/uploads\/2020\/12\/cem_3-680x510.jpg 680w, https:\/\/alzira.es\/wp-content\/uploads\/2020\/12\/cem_3-1430x1072.jpg 1430w, https:\/\/alzira.es\/wp-content\/uploads\/2020\/12\/cem_3-768x576.jpg 768w, https:\/\/alzira.es\/wp-content\/uploads\/2020\/12\/cem_3-1536x1152.jpg 1536w\" data-sizes=\"(max-width: 706px) 89vw, (max-width: 767px) 82vw, 740px\" src=\"data:image\/svg+xml;base64,PHN2ZyB3aWR0aD0iMSIgaGVpZ2h0PSIxIiB4bWxucz0iaHR0cDovL3d3dy53My5vcmcvMjAwMC9zdmciPjwvc3ZnPg==\" style=\"--smush-placeholder-width: 1600px; --smush-placeholder-aspect-ratio: 1600\/1200;\" \/><\/p>\n","protected":false},"excerpt":{"rendered":"<p>Al cementeri d&#8217;Alzira s&#8217;ha posat en marxa l&#8217;incinerador de restes, la qual cosa facilita la destrucci\u00f3 dels ta\u00fcts procedents de la realitzaci\u00f3 de restes. Els operaris utilitzen trages de protecci\u00f3 especial a l&#8217;hora de tractar els components que manipulen per a incinerar, a m\u00e9s des de la Regidoria de Serveis Urbans, junt amb el departament &hellip; <\/p>\n<p class=\"link-more\"><a href=\"https:\/\/alzira.es\/es\/incinerador-restes-funeraries-2\/\" class=\"more-link\">Continuar leyendo<span class=\"screen-reader-text\"> \u00abEl cementeri d\u2019Alzira disposa, d\u2019un incinerador per a la destrucci\u00f3 de restes funer\u00e0ries\u00bb<\/span><\/a><\/p>\n","protected":false},"author":29,"featured_media":53121,"comment_status":"","ping_status":"","sticky":false,"template":"","format":"standard","meta":{"_acf_changed":false,"footnotes":""},"categories":[],"tags":[],"class_list":["post-53126","post","type-post","status-publish","format-standard","has-post-thumbnail","hentry"],"acf":[],"_links":{"self":[{"href":"https:\/\/alzira.es\/es\/wp-json\/wp\/v2\/posts\/53126","targetHints":{"allow":["GET"]}}],"collection":[{"href":"https:\/\/alzira.es\/es\/wp-json\/wp\/v2\/posts"}],"about":[{"href":"https:\/\/alzira.es\/es\/wp-json\/wp\/v2\/types\/post"}],"author":[{"embeddable":true,"href":"https:\/\/alzira.es\/es\/wp-json\/wp\/v2\/users\/29"}],"replies":[{"embeddable":true,"href":"https:\/\/alzira.es\/es\/wp-json\/wp\/v2\/comments?post=53126"}],"version-history":[{"count":0,"href":"https:\/\/alzira.es\/es\/wp-json\/wp\/v2\/posts\/53126\/revisions"}],"wp:featuredmedia":[{"embeddable":true,"href":"https:\/\/alzira.es\/es\/wp-json\/wp\/v2\/media\/53121"}],"wp:attachment":[{"href":"https:\/\/alzira.es\/es\/wp-json\/wp\/v2\/media?parent=53126"}],"wp:term":[{"taxonomy":"category","embeddable":true,"href":"https:\/\/alzira.es\/es\/wp-json\/wp\/v2\/categories?post=53126"},{"taxonomy":"post_tag","embeddable":true,"href":"https:\/\/alzira.es\/es\/wp-json\/wp\/v2\/tags?post=53126"}],"curies":[{"name":"wp","href":"https:\/\/api.w.org\/{rel}","templated":true}]}}