{"id":53119,"date":"2020-12-23T13:23:09","date_gmt":"2020-12-23T12:23:09","guid":{"rendered":"https:\/\/alzira.es\/actualitzacio-de-dades-covid\/"},"modified":"2020-12-23T13:23:09","modified_gmt":"2020-12-23T12:23:09","slug":"actualitzacio-de-dades-covid","status":"publish","type":"post","link":"https:\/\/alzira.es\/es\/actualitzacio-de-dades-covid\/","title":{"rendered":"Actualizaci\u00f3n de datos COVID"},"content":{"rendered":"<h3>\u2022 Se mantienen las cifras de la pasada semana<\/h3>\n<p><strong>Alzira 23 diciembre 2020.-<\/strong> El Departamento de salud avanzaba ayer los datos de casos positivos al \u00e1rea de salud de la Ribera, Esta semana no se celebrar\u00e1 la reuni\u00f3n para coincidir con festivo. En el caso de Alzira las cifras contin\u00faan mostrando la subida de casos, <strong>hemos pasado de 354 a 363 casos por cada 100.000 habitantes. En total tenemos 166 casos activos, en los \u00faltimos tres d\u00edas, 29 casos nuevos<\/strong>.<\/p>\n<p style=\"text-align: center;\"><span style=\"text-decoration: underline;\"><\/span><\/p>\n<p>Hay que recordar en estas fiestas de Navidad la Generalitat ha decretado medidas espec\u00edficas siguientes hasta el 15 de enero:<\/p>\n<p style=\"text-align: center;\"><span style=\"text-decoration: underline;\"><\/span><\/p>\n<p>\u2022 Cierre perimetral de la Comunidad Valenciana excepto para los desplazamientos debidamente justificados.<br \/>\u2022 La limitaci\u00f3n de la libertad de circulaci\u00f3n de las personas en horario nocturno ser\u00e1 desde las 23.00 ns a las 6.00 horas, excepto las noches del 24 y 31 de diciembre de 2020, en las cuales la restricci\u00f3n de movilidad empezar\u00e1 a las a las doce de la noche, \u00fanicamente para permitir el retorno al domicilio.<br \/>\u2022 Se limita a un m\u00e1ximo de 6 personas las reuniones sociofamiliares, excepto entre convivientes. Se recomienda que en estas reuniones no se superan los dos grupos de convivencia.<\/p>\n<p style=\"text-align: center;\"><span style=\"text-decoration: underline;\"><\/span><\/p>\n<p>Puedes consultar la resoluci\u00f3n completa <span style=\"text-decoration: underline;\"><a href=\"http:\/\/www.dogv.gva.es\/datos\/2020\/12\/19\/pdf\/2020_11094.pdf\" rel=\"nofollow noopener\" target=\"_blank\">aqu\u00ed<\/a><\/span><\/p>\n<p style=\"text-align: center;\"><span style=\"text-decoration: underline;\"><img fetchpriority=\"high\" decoding=\"async\" class=\" size-full wp-image-53117\" src=\"https:\/\/alzira.es\/wp-content\/uploads\/2020\/12\/VAL-medidas-navidad-web_2.jpg\" alt=\"VAL-medidas-navidad-web 2\" width=\"1000\" height=\"1656\" \/><\/span><\/p>\n","protected":false},"excerpt":{"rendered":"<p>\u2022 Se mantienen las cifras de la pasada semana Alzira 23 diciembre 2020.- El Departamento de salud avanzaba ayer los datos de casos positivos al \u00e1rea de salud de la Ribera, Esta semana no se celebrar\u00e1 la reuni\u00f3n para coincidir con festivo. En el caso de Alzira las cifras contin\u00faan mostrando la subida de casos, &hellip; <\/p>\n<p class=\"link-more\"><a href=\"https:\/\/alzira.es\/es\/actualitzacio-de-dades-covid\/\" class=\"more-link\">Continuar leyendo<span class=\"screen-reader-text\"> \u00abActualizaci\u00f3n de datos COVID\u00bb<\/span><\/a><\/p>\n","protected":false},"author":29,"featured_media":53117,"comment_status":"","ping_status":"","sticky":false,"template":"","format":"standard","meta":{"_acf_changed":false,"footnotes":""},"categories":[4936],"tags":[],"class_list":["post-53119","post","type-post","status-publish","format-standard","has-post-thumbnail","hentry","category-hemeroteca-es"],"acf":[],"_links":{"self":[{"href":"https:\/\/alzira.es\/es\/wp-json\/wp\/v2\/posts\/53119","targetHints":{"allow":["GET"]}}],"collection":[{"href":"https:\/\/alzira.es\/es\/wp-json\/wp\/v2\/posts"}],"about":[{"href":"https:\/\/alzira.es\/es\/wp-json\/wp\/v2\/types\/post"}],"author":[{"embeddable":true,"href":"https:\/\/alzira.es\/es\/wp-json\/wp\/v2\/users\/29"}],"replies":[{"embeddable":true,"href":"https:\/\/alzira.es\/es\/wp-json\/wp\/v2\/comments?post=53119"}],"version-history":[{"count":0,"href":"https:\/\/alzira.es\/es\/wp-json\/wp\/v2\/posts\/53119\/revisions"}],"wp:featuredmedia":[{"embeddable":true,"href":"https:\/\/alzira.es\/es\/wp-json\/wp\/v2\/media\/53117"}],"wp:attachment":[{"href":"https:\/\/alzira.es\/es\/wp-json\/wp\/v2\/media?parent=53119"}],"wp:term":[{"taxonomy":"category","embeddable":true,"href":"https:\/\/alzira.es\/es\/wp-json\/wp\/v2\/categories?post=53119"},{"taxonomy":"post_tag","embeddable":true,"href":"https:\/\/alzira.es\/es\/wp-json\/wp\/v2\/tags?post=53119"}],"curies":[{"name":"wp","href":"https:\/\/api.w.org\/{rel}","templated":true}]}}