{"id":53116,"date":"2020-12-23T12:55:40","date_gmt":"2020-12-23T11:55:40","guid":{"rendered":"https:\/\/alzira.es\/alzira-multara-amb-3-000-euros-a-qui-se-ls-sorprenga-dipositant-deixalles-o-enderrocs-en-els-abocadors-il-legals-2\/"},"modified":"2020-12-23T12:55:40","modified_gmt":"2020-12-23T11:55:40","slug":"alzira-multara-amb-3-000-euros-a-qui-se-ls-sorprenga-dipositant-deixalles-o-enderrocs-en-els-abocadors-il-legals-2","status":"publish","type":"post","link":"https:\/\/alzira.es\/es\/alzira-multara-amb-3-000-euros-a-qui-se-ls-sorprenga-dipositant-deixalles-o-enderrocs-en-els-abocadors-il-legals-2\/","title":{"rendered":"Alzira multar\u00e0 amb 3.000 euros a qui se\u2019ls sorprenga dipositant deixalles o enderrocs en els abocadors il\u2022legals"},"content":{"rendered":"<p><strong>Alzira, 23 de desembre de 2020.-<\/strong> FOVASA, empresa concession\u00e0ria de la retirada del fem i la neteja a Alzira, junt a la Regidoria de Serveis Urbans estan realitzant la neteja dels abocadors il\u2022legals del terme municipal.<\/p>\n<p>La irresponsabilitat d&#8217;alguns ens avoca a tindre que realitzat este tipus d&#8217;accions per tal d&#8217;acabar en la insalubritat i mala imatge dels abocadors. <em>\u00abNo ens cansarem d&#8217;insistir en el fet que el lloc on dipositar all\u00f2 que ja no necessitem de manera gratu\u00efta, c\u00f2moda i amb un ampli horari entre setmana i els caps de setmana \u00e9s l&#8217;Ecoparc.\u00bb<\/em><br \/>Esta dolenta situaci\u00f3 dep\u00e9n de totes i tots per tal de revertir-la, per aix\u00f2 <strong>Fernando Pascual<\/strong>, regidor encarregat de l&#8217;\u00e0rea de Serveis Urbans, demana la col\u2022laboraci\u00f3 ciutadana i <strong>anuncia que als inc\u00edvics i desaprensius que se&#8217;ls sorprenga dipositant qualsevol classe d&#8217;enderrocs o deixalles en un abocador incontrolat seran sancionats amb 3.000 euros de multa<\/strong>, tal com es contempla en l&#8217;ordenan\u00e7a municipal que aix\u00ed ho regula.<\/p>\n<p>Cal incidir i recordar una vegada m\u00e9s que des del 2008, un reial decret exigix el tractament de tots els desaprofitaments d&#8217;obra per gestors autoritzats, empreses que deuen prioritzar el reciclatge en el cas d&#8217;obres de gran magnitud. Si el que ens ocupa \u00e9s una obra dom\u00e8stica, podem nosaltres mateix dipositar els enderrocs en l&#8217;ecoparc, el lloc destinat per a tal finalitat.<\/p>\n<p><strong>Fernando Pascual<\/strong><em> insistix en la necessitat de reciclar, utilitzant l&#8217;Ecoparc, ja que com m\u00e9s reciclem, menys paguem. Cada vegada que diposites deixalles o enderrocs en l&#8217;ecoparc acumules punts que revertixen en descomptes en el teu rebut de la taxa de reciclatge<\/em>.<\/p>\n<p style=\"text-align: center;\"><img fetchpriority=\"high\" decoding=\"async\" class=\" size-full wp-image-53109\" src=\"https:\/\/alzira.es\/wp-content\/uploads\/2020\/12\/a_2.jpg\" alt=\"a 2\" width=\"1000\" height=\"750\" srcset=\"https:\/\/alzira.es\/wp-content\/uploads\/2020\/12\/a_2.jpg 1600w, https:\/\/alzira.es\/wp-content\/uploads\/2020\/12\/a_2-680x510.jpg 680w, https:\/\/alzira.es\/wp-content\/uploads\/2020\/12\/a_2-1430x1072.jpg 1430w, https:\/\/alzira.es\/wp-content\/uploads\/2020\/12\/a_2-768x576.jpg 768w, https:\/\/alzira.es\/wp-content\/uploads\/2020\/12\/a_2-1536x1152.jpg 1536w\" sizes=\"(max-width: 706px) 89vw, (max-width: 767px) 82vw, 740px\" \/>&nbsp;<\/p>\n<p style=\"text-align: center;\"><img decoding=\"async\" class=\"size-full wp-image-53111 lazyload\" data-src=\"https:\/\/alzira.es\/wp-content\/uploads\/2020\/12\/a_4_2.jpg\" alt=\"a 4 2\" width=\"500\" height=\"375\" data-srcset=\"https:\/\/alzira.es\/wp-content\/uploads\/2020\/12\/a_4_2.jpg 1600w, https:\/\/alzira.es\/wp-content\/uploads\/2020\/12\/a_4_2-680x510.jpg 680w, https:\/\/alzira.es\/wp-content\/uploads\/2020\/12\/a_4_2-1430x1072.jpg 1430w, https:\/\/alzira.es\/wp-content\/uploads\/2020\/12\/a_4_2-768x576.jpg 768w, https:\/\/alzira.es\/wp-content\/uploads\/2020\/12\/a_4_2-1536x1152.jpg 1536w\" data-sizes=\"(max-width: 500px) 100vw, 500px\" src=\"data:image\/svg+xml;base64,PHN2ZyB3aWR0aD0iMSIgaGVpZ2h0PSIxIiB4bWxucz0iaHR0cDovL3d3dy53My5vcmcvMjAwMC9zdmciPjwvc3ZnPg==\" style=\"--smush-placeholder-width: 500px; --smush-placeholder-aspect-ratio: 500\/375;\" \/>&nbsp;<img decoding=\"async\" class=\"size-full wp-image-53113 lazyload\" data-src=\"https:\/\/alzira.es\/wp-content\/uploads\/2020\/12\/a_1_2.jpg\" alt=\"a 1 2\" width=\"500\" height=\"375\" data-srcset=\"https:\/\/alzira.es\/wp-content\/uploads\/2020\/12\/a_1_2.jpg 1600w, https:\/\/alzira.es\/wp-content\/uploads\/2020\/12\/a_1_2-680x510.jpg 680w, https:\/\/alzira.es\/wp-content\/uploads\/2020\/12\/a_1_2-1430x1072.jpg 1430w, https:\/\/alzira.es\/wp-content\/uploads\/2020\/12\/a_1_2-768x576.jpg 768w, https:\/\/alzira.es\/wp-content\/uploads\/2020\/12\/a_1_2-1536x1152.jpg 1536w\" data-sizes=\"(max-width: 500px) 100vw, 500px\" src=\"data:image\/svg+xml;base64,PHN2ZyB3aWR0aD0iMSIgaGVpZ2h0PSIxIiB4bWxucz0iaHR0cDovL3d3dy53My5vcmcvMjAwMC9zdmciPjwvc3ZnPg==\" style=\"--smush-placeholder-width: 500px; --smush-placeholder-aspect-ratio: 500\/375;\" \/><\/p>\n<p style=\"text-align: center;\">&nbsp;<\/p>\n","protected":false},"excerpt":{"rendered":"<p>Alzira, 23 de desembre de 2020.- FOVASA, empresa concession\u00e0ria de la retirada del fem i la neteja a Alzira, junt a la Regidoria de Serveis Urbans estan realitzant la neteja dels abocadors il\u2022legals del terme municipal. La irresponsabilitat d&#8217;alguns ens avoca a tindre que realitzat este tipus d&#8217;accions per tal d&#8217;acabar en la insalubritat i &hellip; <\/p>\n<p class=\"link-more\"><a href=\"https:\/\/alzira.es\/es\/alzira-multara-amb-3-000-euros-a-qui-se-ls-sorprenga-dipositant-deixalles-o-enderrocs-en-els-abocadors-il-legals-2\/\" class=\"more-link\">Continuar leyendo<span class=\"screen-reader-text\"> \u00abAlzira multar\u00e0 amb 3.000 euros a qui se\u2019ls sorprenga dipositant deixalles o enderrocs en els abocadors il\u2022legals\u00bb<\/span><\/a><\/p>\n","protected":false},"author":29,"featured_media":53109,"comment_status":"","ping_status":"","sticky":false,"template":"","format":"standard","meta":{"_acf_changed":false,"footnotes":""},"categories":[],"tags":[],"class_list":["post-53116","post","type-post","status-publish","format-standard","has-post-thumbnail","hentry"],"acf":[],"_links":{"self":[{"href":"https:\/\/alzira.es\/es\/wp-json\/wp\/v2\/posts\/53116","targetHints":{"allow":["GET"]}}],"collection":[{"href":"https:\/\/alzira.es\/es\/wp-json\/wp\/v2\/posts"}],"about":[{"href":"https:\/\/alzira.es\/es\/wp-json\/wp\/v2\/types\/post"}],"author":[{"embeddable":true,"href":"https:\/\/alzira.es\/es\/wp-json\/wp\/v2\/users\/29"}],"replies":[{"embeddable":true,"href":"https:\/\/alzira.es\/es\/wp-json\/wp\/v2\/comments?post=53116"}],"version-history":[{"count":0,"href":"https:\/\/alzira.es\/es\/wp-json\/wp\/v2\/posts\/53116\/revisions"}],"wp:featuredmedia":[{"embeddable":true,"href":"https:\/\/alzira.es\/es\/wp-json\/wp\/v2\/media\/53109"}],"wp:attachment":[{"href":"https:\/\/alzira.es\/es\/wp-json\/wp\/v2\/media?parent=53116"}],"wp:term":[{"taxonomy":"category","embeddable":true,"href":"https:\/\/alzira.es\/es\/wp-json\/wp\/v2\/categories?post=53116"},{"taxonomy":"post_tag","embeddable":true,"href":"https:\/\/alzira.es\/es\/wp-json\/wp\/v2\/tags?post=53116"}],"curies":[{"name":"wp","href":"https:\/\/api.w.org\/{rel}","templated":true}]}}