{"id":53102,"date":"2020-12-22T15:16:59","date_gmt":"2020-12-22T14:16:59","guid":{"rendered":"https:\/\/alzira.es\/alzira-rep-una-mencio-d-honor-al-concurs-d-idees-tecnologiques-pel-projecte-alzira-es-comercio-2\/"},"modified":"2020-12-22T15:16:59","modified_gmt":"2020-12-22T14:16:59","slug":"alzira-rep-una-mencio-d-honor-al-concurs-d-idees-tecnologiques-pel-projecte-alzira-es-comercio-2","status":"publish","type":"post","link":"https:\/\/alzira.es\/es\/alzira-rep-una-mencio-d-honor-al-concurs-d-idees-tecnologiques-pel-projecte-alzira-es-comercio-2\/","title":{"rendered":"Alzira rep una menci\u00f3 d\u2019honor al Concurs d\u2019idees tecnol\u00f2giques pel projecte \u201cAlzira es comercio\u201d"},"content":{"rendered":"<p><strong>Alzira, 23 de desembre de 2020.-<\/strong> La passada setmana l&#8217;Ajuntament rebia la comunicaci\u00f3 de la Secretaria d&#8217;Estat de Comer\u00e7 del Ministeri d&#8217;Ind\u00fastria, Comer\u00e7 i Turisme en la qual se&#8217;ns atorgava la menci\u00f3 especial al <strong>\u00abConcurs d&#8217;idees Tecnol\u00f2giques per al Comer\u00e7 Minorista\u00bb<\/strong>, destinat a promoure el talent i la innovaci\u00f3, a contribuir a generar solucions tecnol\u00f2giques en el comer\u00e7 minorista que servisquen per a dinamitzar i modernitzar el xicotet comer\u00e7.<\/p>\n<p>El passat mes d&#8217;octubre, l&#8217;Ajuntament d&#8217;Alzira mitjan\u00e7ant Idea va presentar la plataforma de venda online del comer\u00e7 local Alzira es comercio per a la participaci\u00f3 en este concurs organitzat pel Ministeri en col\u2022laboraci\u00f3 amb la Federaci\u00f3 Espanyola de Municipis i Prov\u00edncies (FEMP), i la Societat Estatal Correus i Tel\u00e8grafs.<\/p>\n<p><strong>L&#8217;objectiu del concurs era el desenvolupament de hardware o software aplicable a negocis propis de l&#8217;activitat comercial minorista per a obtindre solucions que es pugueren incorporar en qualsevol dels processos propis de l&#8217;activitat comercial minorista.<\/strong><\/p>\n<p><strong>L&#8217;Ajuntament d&#8217;Alzira, el passat mes d&#8217;octubre va presentar la seua candidatura a la categoria 3<\/strong>: Idees orientades a dotar de solucions tecnol\u00f2giques les \u00e0rees comercials urbanes, els establiments comercials col\u2022lectius i\/o els mercats dels municipis espanyols, amb el projecte de marketplace local <strong>ALZIRAESCOMERCIO.COM<\/strong>.<br \/><em>\u00abEste reconeixement, ens encoratja per a continuar treballant en el cam\u00ed d&#8217;impulsar la digitalitzaci\u00f3 del xicotet comer\u00e7 d&#8217;Alzira i refor\u00e7ar la posada en marxa de la plataforma de venda online alziraescomercio.com. Des de l&#8217;\u00e0rea de Comer\u00e7 seguim amb este projecte que est\u00e0 funcionant i t\u00e9 bons resultats. Cal donar suport al comer\u00e7 de la nostra ciutat i respondre a les necessitats que t\u00e9 el nostre comer\u00e7\u00bb<\/em> ha explicat l&#8217;alcalde de la ciutat i regidor responsable de l&#8217;\u00c0rea de comer\u00e7. <strong>Diego G\u00f3mez<\/strong>.<\/p>\n<p>La plataforma de venda online del comer\u00e7 local,<strong> alziraescomercio.com<\/strong>, ofereix al xicotet comer\u00e7 la possibilitat de digitalitzar el seu negoci de manera senzilla i de formar part d&#8217;una plataforma unificada amb servei de log\u00edstica sostenible, a trav\u00e9s de motos el\u00e8ctriques. El comprador pot continuar comprant en el seu comer\u00e7 de sempre, per\u00f2 amb la comoditat de la venda online. Una vegada resolts els premis, i entre totes les candidatures presentades a nivell nacional,<strong> ha sigut concedida l&#8217;ESMENT D&#8217;HONOR a l&#8217;Ajuntament d&#8217;Alzira pel projecte alziraescomercio.com<\/strong>.<\/p>\n<p><span style=\"text-decoration: underline;\">III Concurs d&#8217;idees Tecnol\u00f2giques per al Comer\u00e7 Minorista<\/span><br \/><em>Premia propostes orientades a millorar el hardware i software per a poder aplicar al comer\u00e7 minorista: Processos interns (de compres, ordenaci\u00f3 d&#8217;estocs, \u00fas de la informaci\u00f3, emmagatzematge d&#8217;informaci\u00f3, etc.); Processos externs que interrelacionen al comerciant amb el consumidor final, incorporant noves tecnologies que milloren l&#8217;experi\u00e8ncia de compra; Facilitar la incorporaci\u00f3 dels comer\u00e7os a un MarketPlace<\/em>.<\/p>\n<p><span style=\"text-decoration: underline;\"><strong>Categories<\/strong><\/span><br \/><strong>Categoria 1<\/strong> \u2022 Idees orientades a la tecnificaci\u00f3 dels negocis comercials amb venda presencial.<br \/><strong>Categoria 2<\/strong> \u2022 Idees orientades a la tecnificaci\u00f3 de les empreses que gestionen dos canals: el canal presencial i el canal on-line per a comercialitzar els seus productes.<br \/><strong>Categoria 3<\/strong> \u2022 Idees orientades a dotar de solucions tecnol\u00f2giques les \u00e0rees comercials urbanes, els establiments comercials col\u2022lectius i\/o els mercats dels municipis espanyols.<br \/><strong>Categoria 4<\/strong> \u2022 Idees orientades a dotar solucions tecnol\u00f2giques per a la transformaci\u00f3 digital del comer\u00e7 en \u00e0rees comercials rurals.<\/p>\n<p style=\"text-align: center;\"><img fetchpriority=\"high\" decoding=\"async\" class=\" size-full wp-image-53099\" src=\"https:\/\/alzira.es\/wp-content\/uploads\/2020\/12\/Folleto_2020_PDF_1_00000002.jpg\" alt=\"Folleto 2020 PDF 1 00000002\" width=\"1000\" height=\"1834\" \/><\/p>\n","protected":false},"excerpt":{"rendered":"<p>Alzira, 23 de desembre de 2020.- La passada setmana l&#8217;Ajuntament rebia la comunicaci\u00f3 de la Secretaria d&#8217;Estat de Comer\u00e7 del Ministeri d&#8217;Ind\u00fastria, Comer\u00e7 i Turisme en la qual se&#8217;ns atorgava la menci\u00f3 especial al \u00abConcurs d&#8217;idees Tecnol\u00f2giques per al Comer\u00e7 Minorista\u00bb, destinat a promoure el talent i la innovaci\u00f3, a contribuir a generar solucions tecnol\u00f2giques &hellip; <\/p>\n<p class=\"link-more\"><a href=\"https:\/\/alzira.es\/es\/alzira-rep-una-mencio-d-honor-al-concurs-d-idees-tecnologiques-pel-projecte-alzira-es-comercio-2\/\" class=\"more-link\">Continuar leyendo<span class=\"screen-reader-text\"> \u00abAlzira rep una menci\u00f3 d\u2019honor al Concurs d\u2019idees tecnol\u00f2giques pel projecte \u201cAlzira es comercio\u201d\u00bb<\/span><\/a><\/p>\n","protected":false},"author":29,"featured_media":53099,"comment_status":"","ping_status":"","sticky":false,"template":"","format":"standard","meta":{"_acf_changed":false,"footnotes":""},"categories":[],"tags":[],"class_list":["post-53102","post","type-post","status-publish","format-standard","has-post-thumbnail","hentry"],"acf":[],"_links":{"self":[{"href":"https:\/\/alzira.es\/es\/wp-json\/wp\/v2\/posts\/53102","targetHints":{"allow":["GET"]}}],"collection":[{"href":"https:\/\/alzira.es\/es\/wp-json\/wp\/v2\/posts"}],"about":[{"href":"https:\/\/alzira.es\/es\/wp-json\/wp\/v2\/types\/post"}],"author":[{"embeddable":true,"href":"https:\/\/alzira.es\/es\/wp-json\/wp\/v2\/users\/29"}],"replies":[{"embeddable":true,"href":"https:\/\/alzira.es\/es\/wp-json\/wp\/v2\/comments?post=53102"}],"version-history":[{"count":0,"href":"https:\/\/alzira.es\/es\/wp-json\/wp\/v2\/posts\/53102\/revisions"}],"wp:featuredmedia":[{"embeddable":true,"href":"https:\/\/alzira.es\/es\/wp-json\/wp\/v2\/media\/53099"}],"wp:attachment":[{"href":"https:\/\/alzira.es\/es\/wp-json\/wp\/v2\/media?parent=53102"}],"wp:term":[{"taxonomy":"category","embeddable":true,"href":"https:\/\/alzira.es\/es\/wp-json\/wp\/v2\/categories?post=53102"},{"taxonomy":"post_tag","embeddable":true,"href":"https:\/\/alzira.es\/es\/wp-json\/wp\/v2\/tags?post=53102"}],"curies":[{"name":"wp","href":"https:\/\/api.w.org\/{rel}","templated":true}]}}