{"id":53101,"date":"2020-12-22T15:16:59","date_gmt":"2020-12-22T14:16:59","guid":{"rendered":"https:\/\/alzira.es\/alzira-rep-una-mencio-d-honor-al-concurs-d-idees-tecnologiques-pel-projecte-alzira-es-comercio\/"},"modified":"2020-12-22T15:16:59","modified_gmt":"2020-12-22T14:16:59","slug":"alzira-rep-una-mencio-d-honor-al-concurs-d-idees-tecnologiques-pel-projecte-alzira-es-comercio","status":"publish","type":"post","link":"https:\/\/alzira.es\/es\/alzira-rep-una-mencio-d-honor-al-concurs-d-idees-tecnologiques-pel-projecte-alzira-es-comercio\/","title":{"rendered":"Alzira recibe una menci\u00f3n de honor al Concurso de ideas tecnol\u00f3gicas por el proyecto \u201cAlzira se comercio\u201d"},"content":{"rendered":"<p><strong>Alzira, 23 de diciembre de 2020.-<\/strong> La pasada semana el Ayuntamiento recib\u00eda la comunicaci\u00f3n de la Secretar\u00eda de Estado de Comercio del Ministerio de Industria, Comercio y Turismo en la cual se nos otorgaba la menci\u00f3n especial al<strong> \u00abConcurso de ideas Tecnol\u00f3gicas para el Comercio Minorista\u00bb<\/strong>, destinado a promover el talento y la innovaci\u00f3n, a contribuir a generar soluciones tecnol\u00f3gicas en el comercio minorista que sirven para dinamizar y modernizar el peque\u00f1o comercio.<\/p>\n<p>El pasado mas de octubre, el Ayuntamiento de Alzira mediante Idea present\u00f3 la plataforma de venta online del comercio local Alzira es comercio para la participaci\u00f3n en este concurso organizado por el Ministerio en colaboraci\u00f3n con la Federaci\u00f3n Espa\u00f1ola de Municipios y Provincias (FEMP), y la Sociedad Estatal Correos y Tel\u00e9grafos.<\/p>\n<p><strong>El objetivo del concurso era el desarrollo de hardware o software aplicable a negocios propios de la actividad comercial minorista para obtener soluciones que se pudieran incorporar en cualquier de los procesos propios de la actividad comercial minorista.<\/strong><\/p>\n<p><strong>El Ayuntamiento de Alzira, el pasado mes de octubre present\u00f3 su candidatura a la categor\u00eda 3<\/strong>: Ideas orientadas a dotar de soluciones tecnol\u00f3gicas las \u00e1reas comerciales urbanas, los establecimientos comerciales col\u2022lectivos y\/o los mercados de los municipios espa\u00f1oles, con el proyecto de marketplace local <strong>ALZIRAESCOMERCIO.COM<\/strong>.<br \/><em>\u00abEste reconocimiento, nos alienta para continuar trabajando en el camino de impulsar la digitalizaci\u00f3n del peque\u00f1o comercio de Alzira y reforzar la puesta en marcha de la plataforma de venta online alziraescomercio.com. Desde el \u00e1rea de Comercio seguimos con este proyecto que est\u00e1 funcionando y tiene buenos resultados. Hay que apoyar al comercio de nuestra ciudad y responder a las necesidades que tiene nuestro comercio\u00bb<\/em> ha explicado el alcalde de la ciudad y regidor responsable del \u00e1rea de comercio. <strong>Diego G\u00f3mez<\/strong>.<\/p>\n<p>La plataforma de venta online del comercio local, <strong>alziraescomercio.com<\/strong>, ofrece al peque\u00f1o comercio la posibilidad de digitalizar su negocio de manera sencilla y de formar parte de una plataforma unificada con servicio de log\u00edstica sostenible, a trav\u00e9s de motos el\u00e9ctricas. El comprador puede continuar comprando en su comercio de siempre, pero con la comodidad de la venta online. Una vez resueltos los premios, y entre todas las candidaturas presentadas a nivel nacional, <strong>ha sido concedida la MENCI\u00d3N De HONOR en el Ayuntamiento de Alzira por el proyecto alziraescomercio.com<\/strong>.<\/p>\n<p><span style=\"text-decoration: underline;\">III Concurso de ideas Tecnol\u00f3gicas para el Comercio Minorista<\/span><br \/><em>Premia propuestas orientadas a mejorar el hardware y software para poder aplicar al comercio minorista: Procesos internos (de compras, ordenaci\u00f3n de stocks, uso de la informaci\u00f3n, almacenamiento de informaci\u00f3n, etc.); Procesos externos que interrelacionan al comerciante con el consumidor final, incorporando nuevas tecnolog\u00edas que mejoran la experiencia de compra; Facilitar la incorporaci\u00f3n de los comercios a un MarketPlace.<\/em><\/p>\n<p><span style=\"text-decoration: underline;\"><strong>Categor\u00edas<\/strong><\/span><br \/><strong>Categor\u00eda 1<\/strong> \u2022 Ideas orientadas a la tecnificaci\u00f3n de los negocios comerciales con venta presencial.<br \/><strong>Categor\u00eda 2<\/strong> \u2022 Ideas orientadas a la tecnificaci\u00f3n de las empresas que gestionan dos canales: el canal presencial y el canal on-line para comercializar sus productos.<br \/><strong>Categor\u00eda 3<\/strong> \u2022 Ideas orientadas a dotar de soluciones tecnol\u00f3gicas las \u00e1reas comerciales urbanas, los establecimientos comerciales col\u2022lectivos y\/o los mercados de los municipios espa\u00f1oles.<br \/><strong>Categor\u00eda 4<\/strong> \u2022 Ideas orientadas a dotar soluciones tecnol\u00f3gicas para la transformaci\u00f3n digital del comercio en \u00e1reas comerciales rurales.<\/p>\n<p style=\"text-align: center;\"><img fetchpriority=\"high\" decoding=\"async\" class=\" size-full wp-image-53099\" src=\"https:\/\/alzira.es\/wp-content\/uploads\/2020\/12\/Folleto_2020_PDF_1_00000002.jpg\" alt=\"Folleto 2020 PDF 1 00000002\" width=\"1000\" height=\"1834\" \/><\/p>\n","protected":false},"excerpt":{"rendered":"<p>Alzira, 23 de diciembre de 2020.- La pasada semana el Ayuntamiento recib\u00eda la comunicaci\u00f3n de la Secretar\u00eda de Estado de Comercio del Ministerio de Industria, Comercio y Turismo en la cual se nos otorgaba la menci\u00f3n especial al \u00abConcurso de ideas Tecnol\u00f3gicas para el Comercio Minorista\u00bb, destinado a promover el talento y la innovaci\u00f3n, a &hellip; <\/p>\n<p class=\"link-more\"><a href=\"https:\/\/alzira.es\/es\/alzira-rep-una-mencio-d-honor-al-concurs-d-idees-tecnologiques-pel-projecte-alzira-es-comercio\/\" class=\"more-link\">Continuar leyendo<span class=\"screen-reader-text\"> \u00abAlzira recibe una menci\u00f3n de honor al Concurso de ideas tecnol\u00f3gicas por el proyecto \u201cAlzira se comercio\u201d\u00bb<\/span><\/a><\/p>\n","protected":false},"author":29,"featured_media":53099,"comment_status":"","ping_status":"","sticky":false,"template":"","format":"standard","meta":{"_acf_changed":false,"footnotes":""},"categories":[4936],"tags":[],"class_list":["post-53101","post","type-post","status-publish","format-standard","has-post-thumbnail","hentry","category-hemeroteca-es"],"acf":[],"_links":{"self":[{"href":"https:\/\/alzira.es\/es\/wp-json\/wp\/v2\/posts\/53101","targetHints":{"allow":["GET"]}}],"collection":[{"href":"https:\/\/alzira.es\/es\/wp-json\/wp\/v2\/posts"}],"about":[{"href":"https:\/\/alzira.es\/es\/wp-json\/wp\/v2\/types\/post"}],"author":[{"embeddable":true,"href":"https:\/\/alzira.es\/es\/wp-json\/wp\/v2\/users\/29"}],"replies":[{"embeddable":true,"href":"https:\/\/alzira.es\/es\/wp-json\/wp\/v2\/comments?post=53101"}],"version-history":[{"count":0,"href":"https:\/\/alzira.es\/es\/wp-json\/wp\/v2\/posts\/53101\/revisions"}],"wp:featuredmedia":[{"embeddable":true,"href":"https:\/\/alzira.es\/es\/wp-json\/wp\/v2\/media\/53099"}],"wp:attachment":[{"href":"https:\/\/alzira.es\/es\/wp-json\/wp\/v2\/media?parent=53101"}],"wp:term":[{"taxonomy":"category","embeddable":true,"href":"https:\/\/alzira.es\/es\/wp-json\/wp\/v2\/categories?post=53101"},{"taxonomy":"post_tag","embeddable":true,"href":"https:\/\/alzira.es\/es\/wp-json\/wp\/v2\/tags?post=53101"}],"curies":[{"name":"wp","href":"https:\/\/api.w.org\/{rel}","templated":true}]}}