{"id":53098,"date":"2020-12-22T13:17:53","date_gmt":"2020-12-22T12:17:53","guid":{"rendered":"https:\/\/alzira.es\/l-ajuntament-d-alzira-felicita-el-nadal-2\/"},"modified":"2020-12-22T13:17:53","modified_gmt":"2020-12-22T12:17:53","slug":"l-ajuntament-d-alzira-felicita-el-nadal-2","status":"publish","type":"post","link":"https:\/\/alzira.es\/es\/l-ajuntament-d-alzira-felicita-el-nadal-2\/","title":{"rendered":"L&#8217;Ajuntament d&#8217;Alzira felicita el Nadal"},"content":{"rendered":"<p><strong>L&#8217;Ajuntament d&#8217;Alzira felicita el Nadal amb una postal dissenyada per Paco Roca dedicada al centenari del Gran Teatre.<\/strong><\/p>\n<p><em>El regidor de Cultura<\/em>, <strong>Alfred Aranda<\/strong>; i <em>la directora de la Casa de Cultura<\/em>, <strong>Elisa Torremocha<\/strong>, han implicat a <strong>Paco Roca<\/strong>, <em>dibuixant valenci\u00e0 i Premi Nacional de C\u00f2mic<\/em>, en la reforma i difusi\u00f3 del Gran Teatre.<\/p>\n<p><em>La magn\u00edfica postal mostra alzirenyes i alzirenys passejant a la porta de l&#8217;edifici. De les seues finestres ixen personatges ben significatius del teatre, la m\u00fasica, la dansa i les festes. Una invitaci\u00f3 a recuperar la m\u00e0gia dels espectacles i el poder de la Cultura. Un dibuix complet, delicat, representatiu i commovedor.<\/em><\/p>\n<p>A la part inferior, a m\u00e9s de la felicitaci\u00f3 institucional, <strong><em><span style=\"text-decoration: underline;\">un desig<\/span><\/em><\/strong>: <strong>I vindr\u00e0 un any nou. I en un bagul tancarem a pany i clau la nost\u00e0lgia i els malsons de l&#8217;any vell<\/strong>.<\/p>\n<p>Acurtarem les dist\u00e0ncies i aproparem les mirades. I tornarem a riure i a somriure. I viurem amb intensitat una nova realitat.<\/p>\n<p><strong>Salut i felicitat<\/strong>.<strong> Bon Nadal<\/strong>.<\/p>\n<p><strong>Alzira 2020<\/strong><\/p>\n<p style=\"text-align: center;\"><strong><img fetchpriority=\"high\" decoding=\"async\" class=\" size-full wp-image-53095\" src=\"https:\/\/alzira.es\/wp-content\/uploads\/2020\/12\/AF_postal_Alzira_T-01.jpg\" alt=\"AF postal Alzira T-01\" width=\"1000\" height=\"363\" srcset=\"https:\/\/alzira.es\/wp-content\/uploads\/2020\/12\/AF_postal_Alzira_T-01.jpg 1208w, https:\/\/alzira.es\/wp-content\/uploads\/2020\/12\/AF_postal_Alzira_T-01-680x247.jpg 680w, https:\/\/alzira.es\/wp-content\/uploads\/2020\/12\/AF_postal_Alzira_T-01-768x279.jpg 768w\" sizes=\"(max-width: 706px) 89vw, (max-width: 767px) 82vw, 740px\" \/><\/strong><\/p>\n","protected":false},"excerpt":{"rendered":"<p>L&#8217;Ajuntament d&#8217;Alzira felicita el Nadal amb una postal dissenyada per Paco Roca dedicada al centenari del Gran Teatre. El regidor de Cultura, Alfred Aranda; i la directora de la Casa de Cultura, Elisa Torremocha, han implicat a Paco Roca, dibuixant valenci\u00e0 i Premi Nacional de C\u00f2mic, en la reforma i difusi\u00f3 del Gran Teatre. La &hellip; <\/p>\n<p class=\"link-more\"><a href=\"https:\/\/alzira.es\/es\/l-ajuntament-d-alzira-felicita-el-nadal-2\/\" class=\"more-link\">Continuar leyendo<span class=\"screen-reader-text\"> \u00abL&#8217;Ajuntament d&#8217;Alzira felicita el Nadal\u00bb<\/span><\/a><\/p>\n","protected":false},"author":29,"featured_media":53095,"comment_status":"","ping_status":"","sticky":false,"template":"","format":"standard","meta":{"_acf_changed":false,"footnotes":""},"categories":[],"tags":[],"class_list":["post-53098","post","type-post","status-publish","format-standard","has-post-thumbnail","hentry"],"acf":[],"_links":{"self":[{"href":"https:\/\/alzira.es\/es\/wp-json\/wp\/v2\/posts\/53098","targetHints":{"allow":["GET"]}}],"collection":[{"href":"https:\/\/alzira.es\/es\/wp-json\/wp\/v2\/posts"}],"about":[{"href":"https:\/\/alzira.es\/es\/wp-json\/wp\/v2\/types\/post"}],"author":[{"embeddable":true,"href":"https:\/\/alzira.es\/es\/wp-json\/wp\/v2\/users\/29"}],"replies":[{"embeddable":true,"href":"https:\/\/alzira.es\/es\/wp-json\/wp\/v2\/comments?post=53098"}],"version-history":[{"count":0,"href":"https:\/\/alzira.es\/es\/wp-json\/wp\/v2\/posts\/53098\/revisions"}],"wp:featuredmedia":[{"embeddable":true,"href":"https:\/\/alzira.es\/es\/wp-json\/wp\/v2\/media\/53095"}],"wp:attachment":[{"href":"https:\/\/alzira.es\/es\/wp-json\/wp\/v2\/media?parent=53098"}],"wp:term":[{"taxonomy":"category","embeddable":true,"href":"https:\/\/alzira.es\/es\/wp-json\/wp\/v2\/categories?post=53098"},{"taxonomy":"post_tag","embeddable":true,"href":"https:\/\/alzira.es\/es\/wp-json\/wp\/v2\/tags?post=53098"}],"curies":[{"name":"wp","href":"https:\/\/api.w.org\/{rel}","templated":true}]}}