{"id":53097,"date":"2020-12-22T13:17:53","date_gmt":"2020-12-22T12:17:53","guid":{"rendered":"https:\/\/alzira.es\/l-ajuntament-d-alzira-felicita-el-nadal\/"},"modified":"2020-12-22T13:17:53","modified_gmt":"2020-12-22T12:17:53","slug":"l-ajuntament-d-alzira-felicita-el-nadal","status":"publish","type":"post","link":"https:\/\/alzira.es\/es\/l-ajuntament-d-alzira-felicita-el-nadal\/","title":{"rendered":"El Ayuntamiento de Alzira felicita la Navidad"},"content":{"rendered":"<p><strong>El Ayuntamiento de Alzira felicita la Navidad con una postal dise\u00f1ada por Paco Roca dedicada al centenario del Gran Teatro.<\/strong><\/p>\n<p><em>El regidor de Cultura<\/em>,<strong> Alfred Aranda<\/strong>; y <em>la directora de la Casa de Cultura<\/em>,<strong> Elisa Torremocha<\/strong>, han implicado a <strong>Paco Roca<\/strong>, <em>dibujante valenciano y Premio Nacional de C\u00f3mico, en la reforma y difusi\u00f3n del Gran Teatro<\/em>.<\/p>\n<p>La magn\u00edfica postal muestra alzire\u00f1as y alzire\u00f1os paseando a la puerta del edificio. De sus ventanas salen personajes muy significativos del teatro, la m\u00fasica, la danza y las fiestas. Una invitaci\u00f3n a recuperar la magia de los espect\u00e1culos y el poder de la Cultura. Un dibujo completo, delicado, representativo y conmovedor.<\/p>\n<p>A la parte inferior, adem\u00e1s de la felicitaci\u00f3n institucional, <em><span style=\"text-decoration: underline;\"><strong>un deseo<\/strong><\/span><\/em>: <strong>Y vendr\u00e1 un a\u00f1o nuevo. Y en un ba\u00fal cerraremos a cerradura y clave la nostalgia y las pesadillas del a\u00f1o viejo<\/strong>.<\/p>\n<p>Acurtaremos las distancias y acercaremos las miradas. Y volveremos a re\u00edr y a sonrisa. Y viviremos con intensidad una nueva realidad.<\/p>\n<p><strong>Salud y felicidad. Feliz Navidad.<\/strong><\/p>\n<p><strong>Alzira 2020<\/strong><\/p>\n<p style=\"text-align: center;\"><strong><img fetchpriority=\"high\" decoding=\"async\" class=\" size-full wp-image-53095\" src=\"https:\/\/alzira.es\/wp-content\/uploads\/2020\/12\/AF_postal_Alzira_T-01.jpg\" alt=\"AF postal Alzira T-01\" width=\"1000\" height=\"363\" srcset=\"https:\/\/alzira.es\/wp-content\/uploads\/2020\/12\/AF_postal_Alzira_T-01.jpg 1208w, https:\/\/alzira.es\/wp-content\/uploads\/2020\/12\/AF_postal_Alzira_T-01-680x247.jpg 680w, https:\/\/alzira.es\/wp-content\/uploads\/2020\/12\/AF_postal_Alzira_T-01-768x279.jpg 768w\" sizes=\"(max-width: 706px) 89vw, (max-width: 767px) 82vw, 740px\" \/><\/strong><\/p>\n","protected":false},"excerpt":{"rendered":"<p>El Ayuntamiento de Alzira felicita la Navidad con una postal dise\u00f1ada por Paco Roca dedicada al centenario del Gran Teatro. El regidor de Cultura, Alfred Aranda; y la directora de la Casa de Cultura, Elisa Torremocha, han implicado a Paco Roca, dibujante valenciano y Premio Nacional de C\u00f3mico, en la reforma y difusi\u00f3n del Gran &hellip; <\/p>\n<p class=\"link-more\"><a href=\"https:\/\/alzira.es\/es\/l-ajuntament-d-alzira-felicita-el-nadal\/\" class=\"more-link\">Continuar leyendo<span class=\"screen-reader-text\"> \u00abEl Ayuntamiento de Alzira felicita la Navidad\u00bb<\/span><\/a><\/p>\n","protected":false},"author":29,"featured_media":53095,"comment_status":"","ping_status":"","sticky":false,"template":"","format":"standard","meta":{"_acf_changed":false,"footnotes":""},"categories":[4936],"tags":[],"class_list":["post-53097","post","type-post","status-publish","format-standard","has-post-thumbnail","hentry","category-hemeroteca-es"],"acf":[],"_links":{"self":[{"href":"https:\/\/alzira.es\/es\/wp-json\/wp\/v2\/posts\/53097","targetHints":{"allow":["GET"]}}],"collection":[{"href":"https:\/\/alzira.es\/es\/wp-json\/wp\/v2\/posts"}],"about":[{"href":"https:\/\/alzira.es\/es\/wp-json\/wp\/v2\/types\/post"}],"author":[{"embeddable":true,"href":"https:\/\/alzira.es\/es\/wp-json\/wp\/v2\/users\/29"}],"replies":[{"embeddable":true,"href":"https:\/\/alzira.es\/es\/wp-json\/wp\/v2\/comments?post=53097"}],"version-history":[{"count":0,"href":"https:\/\/alzira.es\/es\/wp-json\/wp\/v2\/posts\/53097\/revisions"}],"wp:featuredmedia":[{"embeddable":true,"href":"https:\/\/alzira.es\/es\/wp-json\/wp\/v2\/media\/53095"}],"wp:attachment":[{"href":"https:\/\/alzira.es\/es\/wp-json\/wp\/v2\/media?parent=53097"}],"wp:term":[{"taxonomy":"category","embeddable":true,"href":"https:\/\/alzira.es\/es\/wp-json\/wp\/v2\/categories?post=53097"},{"taxonomy":"post_tag","embeddable":true,"href":"https:\/\/alzira.es\/es\/wp-json\/wp\/v2\/tags?post=53097"}],"curies":[{"name":"wp","href":"https:\/\/api.w.org\/{rel}","templated":true}]}}