{"id":53094,"date":"2020-12-22T12:29:30","date_gmt":"2020-12-22T11:29:30","guid":{"rendered":"https:\/\/alzira.es\/a-pesar-del-confinament-prop-de-267-000-usua-ris-han-fet-us-del-transport-public-a-alzira-2\/"},"modified":"2020-12-22T12:29:30","modified_gmt":"2020-12-22T11:29:30","slug":"a-pesar-del-confinament-prop-de-267-000-usua-ris-han-fet-us-del-transport-public-a-alzira-2","status":"publish","type":"post","link":"https:\/\/alzira.es\/es\/a-pesar-del-confinament-prop-de-267-000-usua-ris-han-fet-us-del-transport-public-a-alzira-2\/","title":{"rendered":"A pesar del confinament, prop de 267.000 usuaris han fet \u00fas del transport p\u00fablic a Alzira"},"content":{"rendered":"<p><strong>Alzira, 22 de desembre de 2020.-<\/strong> El servici de transport urb\u00e0 a la ciutat d&#8217;Alzira ha continuat realitzant-se en 2020, seguint les mesures sanit\u00e0ries establides pel Ministeri de Sanitat.<\/p>\n<p>A causa de la situaci\u00f3 derivada per la pand\u00e8mia, confinament incl\u00f2s, el nombre d&#8217;usuaris en el transport urb\u00e0 s&#8217;ha vist redu\u00eft. No obstant aix\u00f2 entre novembre de 2019 a novembre de 2020 el servici d&#8217;autob\u00fas municipal ha comptat amb un nombre considerable de viatgers, 266.802 persones.<\/p>\n<p>Coincidint en el confinament els mesos d&#8217;abril i maig s\u00f3n els que enregistren les xifres m\u00e9s baixes, mentre que febrer de 2020 ha sigut el mes que t\u00e9 un major nombre d&#8217;usuaris del transport p\u00fablic.<\/p>\n<p><strong>El que no ha parat de cr\u00e9ixer \u00e9s l&#8217;expedici\u00f3 del carnet Bono Social<\/strong>, la qual cosa ha perm\u00e9s que un poc m\u00e9s de 164.000 viatges estiguen acollits a este tipus de modalitat a l&#8217;hora d&#8217;utilitzar l&#8217;autob\u00fas municipal. Una vegada m\u00e9s febrer de 2020 ostenta la major xifra de persones que han utilitzat el Bono Social.<\/p>\n<p><em>\u00abEstes xifres demostren que a pesar de la incid\u00e8ncia a la baixa d&#8217;usuaris en els mesos de confinament per la pand\u00e8mia i de les mesures de seguretat, que sempre es complixen, i que poden dissuadir a l&#8217;hora de fer \u00fas del servici, Alzira \u00e9s una ciutat on el transport p\u00fablic compta amb una elevada repercussi\u00f3 en la seua utilitzaci\u00f3, ja que prop de 45.000 habitants, quasi 267.000 usuaris han fet \u00fas de l&#8217;autob\u00fas municipal\u00bb<\/em>, segons <strong>Fernando Pascual<\/strong>, regidor encarregat de l&#8217;\u00e0rea de Serveis Urbans.<\/p>\n<p style=\"text-align: center;\"><img fetchpriority=\"high\" decoding=\"async\" class=\" size-full wp-image-12355\" src=\"https:\/\/alzira.es\/wp-content\/uploads\/2015\/10\/bus.jpg\" alt=\"bus\" width=\"500\" height=\"361\" \/><\/p>\n","protected":false},"excerpt":{"rendered":"<p>Alzira, 22 de desembre de 2020.- El servici de transport urb\u00e0 a la ciutat d&#8217;Alzira ha continuat realitzant-se en 2020, seguint les mesures sanit\u00e0ries establides pel Ministeri de Sanitat. A causa de la situaci\u00f3 derivada per la pand\u00e8mia, confinament incl\u00f2s, el nombre d&#8217;usuaris en el transport urb\u00e0 s&#8217;ha vist redu\u00eft. No obstant aix\u00f2 entre novembre &hellip; <\/p>\n<p class=\"link-more\"><a href=\"https:\/\/alzira.es\/es\/a-pesar-del-confinament-prop-de-267-000-usua-ris-han-fet-us-del-transport-public-a-alzira-2\/\" class=\"more-link\">Continuar leyendo<span class=\"screen-reader-text\"> \u00abA pesar del confinament, prop de 267.000 usuaris han fet \u00fas del transport p\u00fablic a Alzira\u00bb<\/span><\/a><\/p>\n","protected":false},"author":29,"featured_media":12355,"comment_status":"","ping_status":"","sticky":false,"template":"","format":"standard","meta":{"_acf_changed":false,"footnotes":""},"categories":[],"tags":[],"class_list":["post-53094","post","type-post","status-publish","format-standard","has-post-thumbnail","hentry"],"acf":[],"_links":{"self":[{"href":"https:\/\/alzira.es\/es\/wp-json\/wp\/v2\/posts\/53094","targetHints":{"allow":["GET"]}}],"collection":[{"href":"https:\/\/alzira.es\/es\/wp-json\/wp\/v2\/posts"}],"about":[{"href":"https:\/\/alzira.es\/es\/wp-json\/wp\/v2\/types\/post"}],"author":[{"embeddable":true,"href":"https:\/\/alzira.es\/es\/wp-json\/wp\/v2\/users\/29"}],"replies":[{"embeddable":true,"href":"https:\/\/alzira.es\/es\/wp-json\/wp\/v2\/comments?post=53094"}],"version-history":[{"count":0,"href":"https:\/\/alzira.es\/es\/wp-json\/wp\/v2\/posts\/53094\/revisions"}],"wp:featuredmedia":[{"embeddable":true,"href":"https:\/\/alzira.es\/es\/wp-json\/wp\/v2\/media\/12355"}],"wp:attachment":[{"href":"https:\/\/alzira.es\/es\/wp-json\/wp\/v2\/media?parent=53094"}],"wp:term":[{"taxonomy":"category","embeddable":true,"href":"https:\/\/alzira.es\/es\/wp-json\/wp\/v2\/categories?post=53094"},{"taxonomy":"post_tag","embeddable":true,"href":"https:\/\/alzira.es\/es\/wp-json\/wp\/v2\/tags?post=53094"}],"curies":[{"name":"wp","href":"https:\/\/api.w.org\/{rel}","templated":true}]}}