{"id":53093,"date":"2020-12-22T12:29:30","date_gmt":"2020-12-22T11:29:30","guid":{"rendered":"https:\/\/alzira.es\/a-pesar-del-confinament-prop-de-267-000-usua-ris-han-fet-us-del-transport-public-a-alzira\/"},"modified":"2020-12-22T12:29:30","modified_gmt":"2020-12-22T11:29:30","slug":"a-pesar-del-confinament-prop-de-267-000-usua-ris-han-fet-us-del-transport-public-a-alzira","status":"publish","type":"post","link":"https:\/\/alzira.es\/es\/a-pesar-del-confinament-prop-de-267-000-usua-ris-han-fet-us-del-transport-public-a-alzira\/","title":{"rendered":"A pesar del confinamiento, cerca de 267.000 usuarios han hecho uso del transporte p\u00fablico en Alzira"},"content":{"rendered":"<p style=\"text-align: left;\">El servicio de transporte urbano en la ciudad de Alzira ha continuado realiz\u00e1ndose en 2020, siguiendo las medidas sanitarias establecidas por el Ministerio de Sanidad.<\/p>\n<p>A causa de la situaci\u00f3n derivada por la pandemia, confinamiento incluido, el n\u00famero de usuarios en el transporte urbano se ha visto reducido. Sin embargo entre noviembre de 2019 a noviembre de 2020 el servicio de autob\u00fas municipal ha contado con un n\u00famero considerable de viajeros, 266.802 personas.<\/p>\n<p>Coincidiendo en el confinamiento los meses de abril y mayo son los que graban las cifras m\u00e1s bajas, mientras que febrero de 2020 ha sido el mes que tiene un mayor n\u00famero de usuarios del transporte p\u00fablico.<\/p>\n<p><strong>El que no ha parado de crecer es la expedici\u00f3n del carn\u00e9 Bono Social<\/strong>, lo cual ha permitido que un poco m\u00e1s de 164.000 viajes est\u00e9n acogidos a este tipo de modalidad en la hora de utilizar el autob\u00fas municipal. Una vez m\u00e1s febrero de 2020 ostenta la mayor cifra de personas que han utilizado lo Bono Social.<\/p>\n<p><em>\u00abEstas cifras demuestran que a pesar de la incidencia a la baja de usuarios en los meses de confinamiento por la pandemia y de las medidas de seguridad, que siempre se cumplen, y que pueden disuadir a la hora de hacer uso del servicio, Alzira es una ciudad donde el transporte p\u00fablico cuenta con una elevada repercusi\u00f3n en su utilizaci\u00f3n, puesto que cerca de 45.000 habitantes, casi 267.000 usuarios han hecho uso del autob\u00fas municipal\u00bb<\/em>, seg\u00fan <strong>Fernando Pascual<\/strong>, regidor encargado del \u00e1rea de Servicios Urbanos.<\/p>\n<p style=\"text-align: center;\"><img fetchpriority=\"high\" decoding=\"async\" class=\" size-full wp-image-12355\" src=\"https:\/\/alzira.es\/wp-content\/uploads\/2015\/10\/bus.jpg\" alt=\"bus\" width=\"500\" height=\"361\" \/><\/p>\n","protected":false},"excerpt":{"rendered":"<p>El servicio de transporte urbano en la ciudad de Alzira ha continuado realiz\u00e1ndose en 2020, siguiendo las medidas sanitarias establecidas por el Ministerio de Sanidad. A causa de la situaci\u00f3n derivada por la pandemia, confinamiento incluido, el n\u00famero de usuarios en el transporte urbano se ha visto reducido. Sin embargo entre noviembre de 2019 a &hellip; <\/p>\n<p class=\"link-more\"><a href=\"https:\/\/alzira.es\/es\/a-pesar-del-confinament-prop-de-267-000-usua-ris-han-fet-us-del-transport-public-a-alzira\/\" class=\"more-link\">Continuar leyendo<span class=\"screen-reader-text\"> \u00abA pesar del confinamiento, cerca de 267.000 usuarios han hecho uso del transporte p\u00fablico en Alzira\u00bb<\/span><\/a><\/p>\n","protected":false},"author":29,"featured_media":12355,"comment_status":"","ping_status":"","sticky":false,"template":"","format":"standard","meta":{"_acf_changed":false,"footnotes":""},"categories":[4936],"tags":[],"class_list":["post-53093","post","type-post","status-publish","format-standard","has-post-thumbnail","hentry","category-hemeroteca-es"],"acf":[],"_links":{"self":[{"href":"https:\/\/alzira.es\/es\/wp-json\/wp\/v2\/posts\/53093","targetHints":{"allow":["GET"]}}],"collection":[{"href":"https:\/\/alzira.es\/es\/wp-json\/wp\/v2\/posts"}],"about":[{"href":"https:\/\/alzira.es\/es\/wp-json\/wp\/v2\/types\/post"}],"author":[{"embeddable":true,"href":"https:\/\/alzira.es\/es\/wp-json\/wp\/v2\/users\/29"}],"replies":[{"embeddable":true,"href":"https:\/\/alzira.es\/es\/wp-json\/wp\/v2\/comments?post=53093"}],"version-history":[{"count":0,"href":"https:\/\/alzira.es\/es\/wp-json\/wp\/v2\/posts\/53093\/revisions"}],"wp:featuredmedia":[{"embeddable":true,"href":"https:\/\/alzira.es\/es\/wp-json\/wp\/v2\/media\/12355"}],"wp:attachment":[{"href":"https:\/\/alzira.es\/es\/wp-json\/wp\/v2\/media?parent=53093"}],"wp:term":[{"taxonomy":"category","embeddable":true,"href":"https:\/\/alzira.es\/es\/wp-json\/wp\/v2\/categories?post=53093"},{"taxonomy":"post_tag","embeddable":true,"href":"https:\/\/alzira.es\/es\/wp-json\/wp\/v2\/tags?post=53093"}],"curies":[{"name":"wp","href":"https:\/\/api.w.org\/{rel}","templated":true}]}}