{"id":53092,"date":"2020-12-22T10:07:14","date_gmt":"2020-12-22T09:07:14","guid":{"rendered":"https:\/\/alzira.es\/l-ajuntament-instal-la-un-nou-punt-automatic-de-tramitacio-claudia-2\/"},"modified":"2020-12-22T10:07:14","modified_gmt":"2020-12-22T09:07:14","slug":"l-ajuntament-instal-la-un-nou-punt-automatic-de-tramitacio-claudia-2","status":"publish","type":"post","link":"https:\/\/alzira.es\/es\/l-ajuntament-instal-la-un-nou-punt-automatic-de-tramitacio-claudia-2\/","title":{"rendered":"L\u2019Ajuntament instal\u2022la un nou Punt Autom\u00e0tic de Tramitaci\u00f3, CLAUdia"},"content":{"rendered":"<p style=\"text-align: left;\"><strong>\u2022 Esta nova versi\u00f3 permet obtindre certificats de padr\u00f3, amb DNI, NIE i passaport<\/strong><\/p>\n<p><strong>Alzira, 23 de desembre de 2020.-<\/strong> Esta setmana s&#8217;ha instal\u2022lat un <span style=\"text-decoration: underline;\">nou dispositiu<\/span>, <strong>Clau<\/strong>dia, <span style=\"text-decoration: underline;\">a l&#8217;entrada de la Casa de la Cultura<\/span> que permetr\u00e0 que el ciutad\u00e0 que aix\u00ed ho vullga puga obtindre sense cues un certificat de padr\u00f3, personal o familiar. <span style=\"text-decoration: underline;\">L&#8217;horari s&#8217;amplia<strong> de <em>8&#8217;00 a 22&#8217;00 hores<\/em>, de dilluns a dissabte<\/strong><\/span>.<\/p>\n<p>A difer\u00e8ncia del primer dispositiu instal\u2022lat a l&#8217;Oficina d&#8217;Atenci\u00f3 Ciutadana, La Clau, este segon punt permet els tr\u00e0mits amb identificaci\u00f3 no nom\u00e9s amb DNI, sin\u00f3 tamb\u00e9 amb el NIE I el passaport i detecta si el document \u00e9s una c\u00f2pia.<\/p>\n<p>Les noves tecnologies de la informaci\u00f3 i les comunicacions han fet que es conformen plataformes tecnol\u00f2giques que afavorixen el canvi de relaci\u00f3 entre Administraci\u00f3 i la ciutadania. <em>\u00abLa millora en la prestaci\u00f3 dels serveis p\u00fablics demana obrir les possibilitats que oferim al ciutad\u00e0 ampliant els serveis i la forma de fer-los-els arribar. A m\u00e9s a m\u00e9s, <span style=\"text-decoration: underline;\">\u00e9s una manera de fer accessible l&#8217;administraci\u00f3 electr\u00f2nica als usuaris m\u00e9s vulnerables, apropar la tramitaci\u00f3 digital de forma senzilla a tota la ciutadania i fer m\u00e9s eficient la tramitaci\u00f3<\/span>. L&#8217;administraci\u00f3 deu posar-se al servei del ciutad\u00e0 i fer-ho f\u00e0cil\u00bb<\/em>, assegura la regidora de Modernitzaci\u00f3,<strong> Leticia Piquer<\/strong>.<\/p>\n<p><strong>Pel moment, nom\u00e9s s&#8217;expediran certificats d&#8217;empadronament, personals i familiars<\/strong>, un dels tr\u00e0mits m\u00e9s sol\u2022licitats per la ciutadania, que permet agilitzar les gestions i ampliar l&#8217;horari en el qual l&#8217;Ajuntament est\u00e0 a l&#8217;abast del ciutad\u00e0.<\/p>\n<p>Des de la instal\u2022laci\u00f3 del primer dispositiu, ara fa un any, ja s&#8217;han portat a terme m\u00e9s de 1600 tr\u00e0mits sense atenci\u00f3 presencial, cosa que, sobretot enguany, ha suposat un gran canvi donades les circumst\u00e0ncies actuals.<\/p>\n<p>Este tipus de dispositiu est\u00e0 orientat a l&#8217;\u00fas dels ciutadans en general i<strong> es preparar\u00e0 en un futur per al pagament de rebuts, abonament de multes municipals mitjan\u00e7ant el pagament amb targetes, sol\u00b7licitud d&#8217;instal\u00b7lacions municipals, targeta de transport, inscripci\u00f3 en cursos&#8230;<\/strong><\/p>\n<p style=\"text-align: left;\"><strong>Clau<\/strong>dia<br \/><em><strong>Claudia<\/strong> \u00e9s el nom d&#8217;este dispositiu que vol evolucionar en un futur a assistent virtual per a denominar el conjunt de serveis automatitzats i pr\u00f2xims a la intel.lig\u00e8ncia artificial, que aniran incorporant-se a l&#8217;Ajuntament. A m\u00e9s, naix de la suma de Clau, Digital Alzira, adoptant una nomenclatura pr\u00f2xima, f\u00e0cil de recordar i que personifica el tr\u00e0mit electr\u00f2nic, Claudia.<\/em><\/p>\n<p style=\"text-align: center;\"><img fetchpriority=\"high\" decoding=\"async\" class=\" size-full wp-image-52902\" src=\"https:\/\/alzira.es\/wp-content\/uploads\/2020\/12\/Alzira.jpg\" alt=\"Alzira\" width=\"500\" height=\"889\" \/>&nbsp;<img decoding=\"async\" class=\"size-full wp-image-53089 lazyload\" data-src=\"https:\/\/alzira.es\/wp-content\/uploads\/2020\/12\/Alzira2.jpg\" alt=\"Alzira2\" width=\"500\" height=\"889\" data-srcset=\"https:\/\/alzira.es\/wp-content\/uploads\/2020\/12\/Alzira2.jpg 900w, https:\/\/alzira.es\/wp-content\/uploads\/2020\/12\/Alzira2-680x1209.jpg 680w, https:\/\/alzira.es\/wp-content\/uploads\/2020\/12\/Alzira2-603x1072.jpg 603w, https:\/\/alzira.es\/wp-content\/uploads\/2020\/12\/Alzira2-768x1365.jpg 768w, https:\/\/alzira.es\/wp-content\/uploads\/2020\/12\/Alzira2-864x1536.jpg 864w\" data-sizes=\"(max-width: 500px) 100vw, 500px\" src=\"data:image\/svg+xml;base64,PHN2ZyB3aWR0aD0iMSIgaGVpZ2h0PSIxIiB4bWxucz0iaHR0cDovL3d3dy53My5vcmcvMjAwMC9zdmciPjwvc3ZnPg==\" style=\"--smush-placeholder-width: 500px; --smush-placeholder-aspect-ratio: 500\/889;\" \/><\/p>\n","protected":false},"excerpt":{"rendered":"<p>\u2022 Esta nova versi\u00f3 permet obtindre certificats de padr\u00f3, amb DNI, NIE i passaport Alzira, 23 de desembre de 2020.- Esta setmana s&#8217;ha instal\u2022lat un nou dispositiu, Claudia, a l&#8217;entrada de la Casa de la Cultura que permetr\u00e0 que el ciutad\u00e0 que aix\u00ed ho vullga puga obtindre sense cues un certificat de padr\u00f3, personal o &hellip; <\/p>\n<p class=\"link-more\"><a href=\"https:\/\/alzira.es\/es\/l-ajuntament-instal-la-un-nou-punt-automatic-de-tramitacio-claudia-2\/\" class=\"more-link\">Continuar leyendo<span class=\"screen-reader-text\"> \u00abL\u2019Ajuntament instal\u2022la un nou Punt Autom\u00e0tic de Tramitaci\u00f3, CLAUdia\u00bb<\/span><\/a><\/p>\n","protected":false},"author":29,"featured_media":52902,"comment_status":"","ping_status":"","sticky":false,"template":"","format":"standard","meta":{"_acf_changed":false,"footnotes":""},"categories":[],"tags":[],"class_list":["post-53092","post","type-post","status-publish","format-standard","has-post-thumbnail","hentry"],"acf":[],"_links":{"self":[{"href":"https:\/\/alzira.es\/es\/wp-json\/wp\/v2\/posts\/53092","targetHints":{"allow":["GET"]}}],"collection":[{"href":"https:\/\/alzira.es\/es\/wp-json\/wp\/v2\/posts"}],"about":[{"href":"https:\/\/alzira.es\/es\/wp-json\/wp\/v2\/types\/post"}],"author":[{"embeddable":true,"href":"https:\/\/alzira.es\/es\/wp-json\/wp\/v2\/users\/29"}],"replies":[{"embeddable":true,"href":"https:\/\/alzira.es\/es\/wp-json\/wp\/v2\/comments?post=53092"}],"version-history":[{"count":0,"href":"https:\/\/alzira.es\/es\/wp-json\/wp\/v2\/posts\/53092\/revisions"}],"wp:featuredmedia":[{"embeddable":true,"href":"https:\/\/alzira.es\/es\/wp-json\/wp\/v2\/media\/52902"}],"wp:attachment":[{"href":"https:\/\/alzira.es\/es\/wp-json\/wp\/v2\/media?parent=53092"}],"wp:term":[{"taxonomy":"category","embeddable":true,"href":"https:\/\/alzira.es\/es\/wp-json\/wp\/v2\/categories?post=53092"},{"taxonomy":"post_tag","embeddable":true,"href":"https:\/\/alzira.es\/es\/wp-json\/wp\/v2\/tags?post=53092"}],"curies":[{"name":"wp","href":"https:\/\/api.w.org\/{rel}","templated":true}]}}