{"id":53091,"date":"2020-12-22T10:07:14","date_gmt":"2020-12-22T09:07:14","guid":{"rendered":"https:\/\/alzira.es\/l-ajuntament-instal-la-un-nou-punt-automatic-de-tramitacio-claudia\/"},"modified":"2020-12-22T10:07:14","modified_gmt":"2020-12-22T09:07:14","slug":"l-ajuntament-instal-la-un-nou-punt-automatic-de-tramitacio-claudia","status":"publish","type":"post","link":"https:\/\/alzira.es\/es\/l-ajuntament-instal-la-un-nou-punt-automatic-de-tramitacio-claudia\/","title":{"rendered":"El Ayuntamiento instala un nuevo Punto Autom\u00e1tico de Tramitaci\u00f3n, CLAUdia"},"content":{"rendered":"<h3>\u2022 Esta nueva versi\u00f3n permite obtener certificados de padr\u00f3n, con DNI, NIE y pasaporte<\/h3>\n<p><strong>Alzira, 23 de diciembre de 2020.-<\/strong> Esta semana se ha instalado un <span style=\"text-decoration: underline;\">nuevo dispositivo<\/span>, <strong>Clau<\/strong>dia, <span style=\"text-decoration: underline;\">en la entrada de la Casa de la Cultura<\/span> que permitir\u00e1 que el ciudadano que as\u00ed lo quiera pueda obtener sin colas un certificado de padr\u00f3n, personal o familiar. <span style=\"text-decoration: underline;\">El horario se ampl\u00eda de <strong>8&#8217;00 a 22&#8217;00 horas, de lunes a s\u00e1bado<\/strong><\/span>.<\/p>\n<p>A diferencia del primero dispositivo instalado en la Oficina de Atenci\u00f3n Ciudadana, La Clave, este segundo punto permite los tr\u00e1mites con identificaci\u00f3n no solo con DNI, sino tambi\u00e9n con el NIE Y el pasaporte y detecta si el documento es una copia.<\/p>\n<p>Las nuevas tecnolog\u00edas de la informaci\u00f3n y las comunicaciones han hecho que se conformen plataformas tecnol\u00f3gicas que favorecen el cambio de relaci\u00f3n entre Administraci\u00f3n y la ciudadan\u00eda.<em> \u00abLa mejora en la prestaci\u00f3n de los servicios p\u00fablicos pide abrir las posibilidades que ofrecemos al ciudadano ampliando los servicios y la forma de hac\u00e9rselos llegar. Adem\u00e1s, <span style=\"text-decoration: underline;\">es una manera de hacer accesible la administraci\u00f3n electr\u00f3nica a los usuarios m\u00e1s vulnerables, acercar la tramitaci\u00f3n digital de forma sencilla a toda la ciudadan\u00eda y hacer m\u00e1s eficiente la tramitaci\u00f3n<\/span>. La administraci\u00f3n debe de ponerse al servicio del ciudadano y hacerlo f\u00e1cil\u00bb<\/em>, asegura la regidora de Modernizaci\u00f3n, <strong>Leticia Piquer<\/strong>.<\/p>\n<p><strong>Por el momento, solo se expedir\u00e1n certificados de empadronamiento, personales y familiares<\/strong>, uno de los tr\u00e1mites m\u00e1s solicitados por la ciudadan\u00eda, que permite agilizar las gestiones y ampliar el horario en el cual el Ayuntamiento est\u00e1 al alcance del ciudadano.<\/p>\n<p>Desde la instalaci\u00f3n del primer dispositivo, ahora hace un a\u00f1o, ya se han llevado a cabo m\u00e1s de 1600 tr\u00e1mites sin atenci\u00f3n presencial, cosa que, sobre todo este a\u00f1o, ha supuesto un gran cambio dadas las circunstancias actuales.<\/p>\n<p>Este tipo de dispositivo est\u00e1 orientado al uso de los ciudadanos en general y <strong>se preparar\u00e1 en un futuro para el pago de recibos, abono de multas municipales mediante el pago con tarjetas, solicitud de instalaciones municipales, tarjeta de transporte, inscripci\u00f3n en cursos&#8230;<\/strong><\/p>\n<p><strong>Clau<\/strong>dia<br \/><em><strong>Claudia<\/strong> es el nombre de este dispositivo que quiere evolucionar en un futuro a asistente virtual para denominar el conjunto de servicios automatizados y pr\u00f3ximos a la inteligencia artificial, que ir\u00e1n incorpor\u00e1ndose al Ayuntamiento. Adem\u00e1s, nace de la suma de Clave, Digital Alzira, adoptando una nomenclatura pr\u00f3xima, f\u00e1cil de recordar y que personifica el tr\u00e1mite electr\u00f3nico, Claudia.<\/em><\/p>\n<p style=\"text-align: center;\"><img fetchpriority=\"high\" decoding=\"async\" class=\" size-full wp-image-52902\" src=\"https:\/\/alzira.es\/wp-content\/uploads\/2020\/12\/Alzira.jpg\" alt=\"Alzira\" width=\"500\" height=\"889\" \/>&nbsp;<img decoding=\"async\" class=\"size-full wp-image-53089 lazyload\" data-src=\"https:\/\/alzira.es\/wp-content\/uploads\/2020\/12\/Alzira2.jpg\" alt=\"Alzira2\" width=\"500\" height=\"889\" data-srcset=\"https:\/\/alzira.es\/wp-content\/uploads\/2020\/12\/Alzira2.jpg 900w, https:\/\/alzira.es\/wp-content\/uploads\/2020\/12\/Alzira2-680x1209.jpg 680w, https:\/\/alzira.es\/wp-content\/uploads\/2020\/12\/Alzira2-603x1072.jpg 603w, https:\/\/alzira.es\/wp-content\/uploads\/2020\/12\/Alzira2-768x1365.jpg 768w, https:\/\/alzira.es\/wp-content\/uploads\/2020\/12\/Alzira2-864x1536.jpg 864w\" data-sizes=\"(max-width: 500px) 100vw, 500px\" src=\"data:image\/svg+xml;base64,PHN2ZyB3aWR0aD0iMSIgaGVpZ2h0PSIxIiB4bWxucz0iaHR0cDovL3d3dy53My5vcmcvMjAwMC9zdmciPjwvc3ZnPg==\" style=\"--smush-placeholder-width: 500px; --smush-placeholder-aspect-ratio: 500\/889;\" \/><\/p>\n","protected":false},"excerpt":{"rendered":"<p>\u2022 Esta nueva versi\u00f3n permite obtener certificados de padr\u00f3n, con DNI, NIE y pasaporte Alzira, 23 de diciembre de 2020.- Esta semana se ha instalado un nuevo dispositivo, Claudia, en la entrada de la Casa de la Cultura que permitir\u00e1 que el ciudadano que as\u00ed lo quiera pueda obtener sin colas un certificado de padr\u00f3n, &hellip; <\/p>\n<p class=\"link-more\"><a href=\"https:\/\/alzira.es\/es\/l-ajuntament-instal-la-un-nou-punt-automatic-de-tramitacio-claudia\/\" class=\"more-link\">Continuar leyendo<span class=\"screen-reader-text\"> \u00abEl Ayuntamiento instala un nuevo Punto Autom\u00e1tico de Tramitaci\u00f3n, CLAUdia\u00bb<\/span><\/a><\/p>\n","protected":false},"author":29,"featured_media":52902,"comment_status":"","ping_status":"","sticky":false,"template":"","format":"standard","meta":{"_acf_changed":false,"footnotes":""},"categories":[4936],"tags":[],"class_list":["post-53091","post","type-post","status-publish","format-standard","has-post-thumbnail","hentry","category-hemeroteca-es"],"acf":[],"_links":{"self":[{"href":"https:\/\/alzira.es\/es\/wp-json\/wp\/v2\/posts\/53091","targetHints":{"allow":["GET"]}}],"collection":[{"href":"https:\/\/alzira.es\/es\/wp-json\/wp\/v2\/posts"}],"about":[{"href":"https:\/\/alzira.es\/es\/wp-json\/wp\/v2\/types\/post"}],"author":[{"embeddable":true,"href":"https:\/\/alzira.es\/es\/wp-json\/wp\/v2\/users\/29"}],"replies":[{"embeddable":true,"href":"https:\/\/alzira.es\/es\/wp-json\/wp\/v2\/comments?post=53091"}],"version-history":[{"count":0,"href":"https:\/\/alzira.es\/es\/wp-json\/wp\/v2\/posts\/53091\/revisions"}],"wp:featuredmedia":[{"embeddable":true,"href":"https:\/\/alzira.es\/es\/wp-json\/wp\/v2\/media\/52902"}],"wp:attachment":[{"href":"https:\/\/alzira.es\/es\/wp-json\/wp\/v2\/media?parent=53091"}],"wp:term":[{"taxonomy":"category","embeddable":true,"href":"https:\/\/alzira.es\/es\/wp-json\/wp\/v2\/categories?post=53091"},{"taxonomy":"post_tag","embeddable":true,"href":"https:\/\/alzira.es\/es\/wp-json\/wp\/v2\/tags?post=53091"}],"curies":[{"name":"wp","href":"https:\/\/api.w.org\/{rel}","templated":true}]}}