{"id":53087,"date":"2020-12-21T12:30:31","date_gmt":"2020-12-21T11:30:31","guid":{"rendered":"https:\/\/alzira.es\/alzira-una-ciutat-de-conte-ja-te-guanyadors-2\/"},"modified":"2020-12-21T12:30:31","modified_gmt":"2020-12-21T11:30:31","slug":"alzira-una-ciutat-de-conte-ja-te-guanyadors-2","status":"publish","type":"post","link":"https:\/\/alzira.es\/es\/alzira-una-ciutat-de-conte-ja-te-guanyadors-2\/","title":{"rendered":"\u201cAlzira, una ciutat de conte\u201d, ja t\u00e9 guanyadors"},"content":{"rendered":"<p><strong>Alzira, 21 de desembre de 2020.-<\/strong> La Regidoria de Turisme, baix la marca <strong><em>\u00abAlzira, un riu de turisme\u00bb<\/em><\/strong>, ha realitzat l&#8217;activitat <strong><em>\u00abAlzira, una ciutat de conte\u00bb<\/em><\/strong> dirigida als estudiants entre primer i sis\u00e9 de prim\u00e0ria, amb la finalitat de posar en valor els edificis, llocs o monuments emblem\u00e0tics de la nostra ciutat.<\/p>\n<p><em>\u00abCal agrair l&#8217;elevada participaci\u00f3 en esta primera edici\u00f3, ja que la implicaci\u00f3 dels escolars dels diversos centres educatius de la nostra ciutat ha desbordat incl\u00f2s les previsions amb les que s&#8217;inicia esta activitat\u00bb<\/em>, segons la regidora de Turisme, <strong>Isabel Aguilar<\/strong>.<\/p>\n<p>El dimarts 29 de desembre en un senzill acte, que comptar\u00e0 amb totes les mesures sanit\u00e0ries de seguretat, es far\u00e0 entrega dels premis als tres guanyadors, que podran assistir a l&#8217;acte de lliurament acompanyats per un adult.<\/p>\n<p>&#8211; <span style=\"text-decoration: underline;\">Millor dibuix i conte de 1r i 2n de prim\u00e0ria<\/span>:<strong> pissarra electr\u00f2nica<\/strong><\/p>\n<p><em>\u00abLa muntanyeta de Sant Salvador\u00bb<\/em><br \/>d&#8217;<strong>Alejandro Monz\u00f3 Lacasa<\/strong>, del CEIP Federico Garc\u00eda Sanchiz<\/p>\n<p>&#8211; <span style=\"text-decoration: underline;\">3r i 4t de prim\u00e0ria<\/span>:<strong> tauleta t\u00e0ctil<\/strong><\/p>\n<p><em>\u00abJaume I i la ruta dels monuments\u00bb<\/em><br \/>de <strong>Pau huerta Mart\u00ednez<\/strong>, del CEIP l&#8217;Alborx\u00ed<\/p>\n<p>&#8211; <span style=\"text-decoration: underline;\">5\u00e9 i 6\u00e9 de prim\u00e0ria<\/span>: <em>ordinador port\u00e0til<\/em><\/p>\n<p><em>\u00abEl pont de ferro\u00bb<\/em><br \/>d&#8217;<strong>\u00c0ngela S\u00e1nchez Ahull\u00f3<\/strong>, de la Pur\u00edssima<\/p>\n<p>Esta iniciativa ens ha donat una altra visi\u00f3 de la nostra ciutat a trav\u00e9s dels relats i els dibuixos dels escolars, que en definitiva s\u00f3n els alzirenys del futur.<\/p>\n<p>A m\u00e9s la felicitaci\u00f3 d&nbsp; e Nadal del Departament de Turisme utilitza les&nbsp; &nbsp; imatges guanyadors del concurs.<\/p>\n<p style=\"text-align: center;\"><img fetchpriority=\"high\" decoding=\"async\" class=\" size-full wp-image-53080\" src=\"https:\/\/alzira.es\/wp-content\/uploads\/2020\/12\/Ganador_1a_categoria_ALEJANDRO_MONZO_2ob_Federico_Garcia_Sanchiz.jpg\" alt=\"Ganador 1\u00aa categor\u00eda ALEJANDRO MONZ\u00d3 2\u00bab Federico Garc\u00eda Sanchiz\" width=\"500\" height=\"566\" \/>&nbsp; <img decoding=\"async\" class=\"size-full wp-image-53082 lazyload\" data-src=\"https:\/\/alzira.es\/wp-content\/uploads\/2020\/12\/Ganador_2a_categoria_PAU_HUERTA_4o_primaria_LALBORXI.jpg\" alt=\"Ganador 2\u00aa categor\u00eda PAU HUERTA 4\u00ba primaria LALBORX\u00cd\" width=\"500\" height=\"725\" src=\"data:image\/svg+xml;base64,PHN2ZyB3aWR0aD0iMSIgaGVpZ2h0PSIxIiB4bWxucz0iaHR0cDovL3d3dy53My5vcmcvMjAwMC9zdmciPjwvc3ZnPg==\" style=\"--smush-placeholder-width: 500px; --smush-placeholder-aspect-ratio: 500\/725;\" \/><\/p>\n<p style=\"text-align: center;\"><img decoding=\"async\" class=\"size-full wp-image-53084 lazyload\" data-src=\"https:\/\/alzira.es\/wp-content\/uploads\/2020\/12\/Ganador_3a_categoria_ANGELA_Sanchez.jpeg\" alt=\"Ganador 3\u00aa categor\u00eda ANGELA S\u00e1nchez\" width=\"600\" height=\"439\" data-srcset=\"https:\/\/alzira.es\/wp-content\/uploads\/2020\/12\/Ganador_3a_categoria_ANGELA_Sanchez.jpeg 1600w, https:\/\/alzira.es\/wp-content\/uploads\/2020\/12\/Ganador_3a_categoria_ANGELA_Sanchez-680x498.jpeg 680w, https:\/\/alzira.es\/wp-content\/uploads\/2020\/12\/Ganador_3a_categoria_ANGELA_Sanchez-1430x1047.jpeg 1430w, https:\/\/alzira.es\/wp-content\/uploads\/2020\/12\/Ganador_3a_categoria_ANGELA_Sanchez-768x562.jpeg 768w, https:\/\/alzira.es\/wp-content\/uploads\/2020\/12\/Ganador_3a_categoria_ANGELA_Sanchez-1536x1124.jpeg 1536w\" data-sizes=\"(max-width: 600px) 100vw, 600px\" src=\"data:image\/svg+xml;base64,PHN2ZyB3aWR0aD0iMSIgaGVpZ2h0PSIxIiB4bWxucz0iaHR0cDovL3d3dy53My5vcmcvMjAwMC9zdmciPjwvc3ZnPg==\" style=\"--smush-placeholder-width: 600px; --smush-placeholder-aspect-ratio: 600\/439;\" \/><\/p>\n","protected":false},"excerpt":{"rendered":"<p>Alzira, 21 de desembre de 2020.- La Regidoria de Turisme, baix la marca \u00abAlzira, un riu de turisme\u00bb, ha realitzat l&#8217;activitat \u00abAlzira, una ciutat de conte\u00bb dirigida als estudiants entre primer i sis\u00e9 de prim\u00e0ria, amb la finalitat de posar en valor els edificis, llocs o monuments emblem\u00e0tics de la nostra ciutat. \u00abCal agrair l&#8217;elevada &hellip; <\/p>\n<p class=\"link-more\"><a href=\"https:\/\/alzira.es\/es\/alzira-una-ciutat-de-conte-ja-te-guanyadors-2\/\" class=\"more-link\">Continuar leyendo<span class=\"screen-reader-text\"> \u00ab\u201cAlzira, una ciutat de conte\u201d, ja t\u00e9 guanyadors\u00bb<\/span><\/a><\/p>\n","protected":false},"author":29,"featured_media":53080,"comment_status":"","ping_status":"","sticky":false,"template":"","format":"standard","meta":{"_acf_changed":false,"footnotes":""},"categories":[],"tags":[],"class_list":["post-53087","post","type-post","status-publish","format-standard","has-post-thumbnail","hentry"],"acf":[],"_links":{"self":[{"href":"https:\/\/alzira.es\/es\/wp-json\/wp\/v2\/posts\/53087","targetHints":{"allow":["GET"]}}],"collection":[{"href":"https:\/\/alzira.es\/es\/wp-json\/wp\/v2\/posts"}],"about":[{"href":"https:\/\/alzira.es\/es\/wp-json\/wp\/v2\/types\/post"}],"author":[{"embeddable":true,"href":"https:\/\/alzira.es\/es\/wp-json\/wp\/v2\/users\/29"}],"replies":[{"embeddable":true,"href":"https:\/\/alzira.es\/es\/wp-json\/wp\/v2\/comments?post=53087"}],"version-history":[{"count":0,"href":"https:\/\/alzira.es\/es\/wp-json\/wp\/v2\/posts\/53087\/revisions"}],"wp:featuredmedia":[{"embeddable":true,"href":"https:\/\/alzira.es\/es\/wp-json\/wp\/v2\/media\/53080"}],"wp:attachment":[{"href":"https:\/\/alzira.es\/es\/wp-json\/wp\/v2\/media?parent=53087"}],"wp:term":[{"taxonomy":"category","embeddable":true,"href":"https:\/\/alzira.es\/es\/wp-json\/wp\/v2\/categories?post=53087"},{"taxonomy":"post_tag","embeddable":true,"href":"https:\/\/alzira.es\/es\/wp-json\/wp\/v2\/tags?post=53087"}],"curies":[{"name":"wp","href":"https:\/\/api.w.org\/{rel}","templated":true}]}}